{"id":832,"date":"2019-09-05T20:04:11","date_gmt":"2019-09-05T18:04:11","guid":{"rendered":"http:\/\/www.sebastianusschule.de\/wp_seb\/?p=832"},"modified":"2019-09-08T12:11:52","modified_gmt":"2019-09-08T10:11:52","slug":"seifenkistenrennen-1-septemer-2019","status":"publish","type":"post","link":"https:\/\/www.sebastianusschule.de\/wpkgss\/seifenkistenrennen-1-septemer-2019\/","title":{"rendered":"Seifenkistenrennen (1. September 2019)"},"content":{"rendered":"\n<p>Bereits zum dritten Mal fand das von den Vereinen Oppen-Haaler Jungenspiel, L\u00f6schzug W\u00fcrselen-Mitte und VfR W\u00fcrselen 1911 liebevoll und aufw\u00e4ndig organisierte Oppen-Haaler-Seifenkistenrennen statt.&nbsp; Dieses Mal nahm auch eine Seifenkiste der Sebastianusschule teil, nachdem Eltern der Schule in vielen Stunden Arbeit einen schnittigen&nbsp; Racer kreiert hatten, der nicht nur super aussah, sondern auch technisch auf h\u00f6chstem Niveau war. <\/p>\n\n\n\n<div class=\"wp-block-image\"><figure class=\"aligncenter\"><img decoding=\"async\" loading=\"lazy\" width=\"274\" height=\"208\" src=\"http:\/\/www.sebastianusschule.de\/wp_seb\/wp-content\/uploads\/2019\/09\/grafik.png\" alt=\"\" class=\"wp-image-833\"\/><figcaption><br> F\u00fcr die Sebastianusschule starteten in eigens gedruckten Team-Trikots: Sophia Dohmen, Hannah Crott, Liddi Vo\u00df und Levin Zigante-Schwartz <\/figcaption><\/figure><\/div>\n\n\n\n<p>Nach einer Probefahrt startete das Rennen p\u00fcnktlich&nbsp; um 12.15 h. Prominent moderiert wurde es von Robert Esser, Redakteur des Medienhauses Aachen, der die Namen der Piloten und Pilotinnen wie bei anderen sportlichen Gro\u00dfereignissen lautstark verk\u00fcndigte. Viele Zuschauer s\u00e4umten den Weg und feuerten die Fahrer an, die sich zun\u00e4chst mutig auf der Startrampe positionierten, um dann die Haalerstra\u00dfe&nbsp; hinunterzusausen. Unter den Zuschauern waren erfreulicherweise viele Sch\u00fcler, Eltern und Lehrer der Sebastianusschule. Alle Fahrer machten ihre Sache sehr gut, so dass die erfahrenen Zeiten eng beieinander waren.<\/p>\n\n\n\n<p>Zum Schluss stand fest, dass zwar kein Sebastianussch\u00fcler unter die ersten drei Pl\u00e4tze gekommen war, aber dass alle viel Spa\u00df hatten. &nbsp;F\u00fcr alle Teilnehmer&nbsp; gab es Medaillen und Urkunden.<\/p>\n\n\n\n<div class=\"wp-block-image\"><figure class=\"aligncenter\"><img decoding=\"async\" loading=\"lazy\" width=\"489\" height=\"334\" src=\"http:\/\/www.sebastianusschule.de\/wp_seb\/wp-content\/uploads\/2019\/09\/grafik-2.png\" alt=\"\" class=\"wp-image-835\" srcset=\"https:\/\/www.sebastianusschule.de\/wpkgss\/wp-content\/uploads\/2019\/09\/grafik-2.png 489w, https:\/\/www.sebastianusschule.de\/wpkgss\/wp-content\/uploads\/2019\/09\/grafik-2-300x205.png 300w\" sizes=\"(max-width: 489px) 100vw, 489px\" \/><\/figure><\/div>\n\n\n\n<div class=\"wp-block-image\"><figure class=\"aligncenter\"><img decoding=\"async\" loading=\"lazy\" width=\"339\" height=\"255\" src=\"http:\/\/www.sebastianusschule.de\/wp_seb\/wp-content\/uploads\/2019\/09\/grafik-3.png\" alt=\"\" class=\"wp-image-836\" srcset=\"https:\/\/www.sebastianusschule.de\/wpkgss\/wp-content\/uploads\/2019\/09\/grafik-3.png 339w, https:\/\/www.sebastianusschule.de\/wpkgss\/wp-content\/uploads\/2019\/09\/grafik-3-300x226.png 300w\" sizes=\"(max-width: 339px) 100vw, 339px\" \/><figcaption> <strong>Allen Sebastianus-Piloten einen herzlichen Gl\u00fcckwunsch!<\/strong> <br><strong> <br> Vielen Dank an die Familien Crott, Dohmen, Vo\u00df und Zigante-Schwartz. <\/strong><\/figcaption><\/figure><\/div>\n\n\n\n<p><\/p>\n","protected":false},"excerpt":{"rendered":"<p>Bereits zum dritten Mal fand das von den Vereinen Oppen-Haaler Jungenspiel, L\u00f6schzug W\u00fcrselen-Mitte und VfR W\u00fcrselen 1911 liebevoll und aufw\u00e4ndig organisierte Oppen-Haaler-Seifenkistenrennen statt.&nbsp; Dieses Mal nahm auch eine Seifenkiste der Sebastianusschule teil, nachdem Eltern der Schule in vielen Stunden Arbeit einen schnittigen&nbsp; Racer kreiert hatten, der nicht nur super aussah, sondern auch technisch auf h\u00f6chstem [&hellip;]<\/p>\n","protected":false},"author":2,"featured_media":0,"comment_status":"closed","ping_status":"closed","sticky":false,"template":"","format":"standard","meta":{"footnotes":""},"categories":[1],"tags":[],"_links":{"self":[{"href":"https:\/\/www.sebastianusschule.de\/wpkgss\/wp-json\/wp\/v2\/posts\/832"}],"collection":[{"href":"https:\/\/www.sebastianusschule.de\/wpkgss\/wp-json\/wp\/v2\/posts"}],"about":[{"href":"https:\/\/www.sebastianusschule.de\/wpkgss\/wp-json\/wp\/v2\/types\/post"}],"author":[{"embeddable":true,"href":"https:\/\/www.sebastianusschule.de\/wpkgss\/wp-json\/wp\/v2\/users\/2"}],"replies":[{"embeddable":true,"href":"https:\/\/www.sebastianusschule.de\/wpkgss\/wp-json\/wp\/v2\/comments?post=832"}],"version-history":[{"count":2,"href":"https:\/\/www.sebastianusschule.de\/wpkgss\/wp-json\/wp\/v2\/posts\/832\/revisions"}],"predecessor-version":[{"id":838,"href":"https:\/\/www.sebastianusschule.de\/wpkgss\/wp-json\/wp\/v2\/posts\/832\/revisions\/838"}],"wp:attachment":[{"href":"https:\/\/www.sebastianusschule.de\/wpkgss\/wp-json\/wp\/v2\/media?parent=832"}],"wp:term":[{"taxonomy":"category","embeddable":true,"href":"https:\/\/www.sebastianusschule.de\/wpkgss\/wp-json\/wp\/v2\/categories?post=832"},{"taxonomy":"post_tag","embeddable":true,"href":"https:\/\/www.sebastianusschule.de\/wpkgss\/wp-json\/wp\/v2\/tags?post=832"}],"curies":[{"name":"wp","href":"https:\/\/api.w.org\/{rel}","templated":true}]}}