{"id":5732,"date":"2025-11-27T17:17:50","date_gmt":"2025-11-27T16:17:50","guid":{"rendered":"https:\/\/www.sebastianusschule.de\/wpkgss\/?p=5732"},"modified":"2025-11-27T17:24:28","modified_gmt":"2025-11-27T16:24:28","slug":"adventlicher-gruss-und-terminuebersicht","status":"publish","type":"post","link":"https:\/\/www.sebastianusschule.de\/wpkgss\/adventlicher-gruss-und-terminuebersicht\/","title":{"rendered":"Adventlicher Gru\u00df und Termin\u00fcbersicht"},"content":{"rendered":"\t\t<div data-elementor-type=\"wp-post\" data-elementor-id=\"5732\" class=\"elementor elementor-5732\">\n\t\t\t\t\t\t\t\t\t<section class=\"elementor-section elementor-top-section elementor-element elementor-element-fd48eef elementor-section-boxed elementor-section-height-default elementor-section-height-default\" data-id=\"fd48eef\" data-element_type=\"section\">\n\t\t\t\t\t\t<div class=\"elementor-container elementor-column-gap-default\">\n\t\t\t\t\t<div class=\"elementor-column elementor-col-50 elementor-top-column elementor-element elementor-element-cb0e2ed\" data-id=\"cb0e2ed\" data-element_type=\"column\">\n\t\t\t<div class=\"elementor-widget-wrap elementor-element-populated\">\n\t\t\t\t\t\t\t\t<div class=\"elementor-element elementor-element-c55b0cf elementor-widget elementor-widget-text-editor\" data-id=\"c55b0cf\" data-element_type=\"widget\" data-widget_type=\"text-editor.default\">\n\t\t\t\t<div class=\"elementor-widget-container\">\n\t\t\t\t\t\t\t<p data-start=\"149\" data-end=\"226\">Liebe Sch\u00fclerinnen und Sch\u00fcler, liebe Eltern und Freunde unserer Grundschule,<\/p><p data-start=\"228\" data-end=\"515\">in dieser besonderen Zeit des Jahres wird es bei uns gem\u00fctlich: Lichter leuchten, es duftet nach Pl\u00e4tzchen und \u00fcberall h\u00f6rt man leises Klingen und fr\u00f6hliches Lachen. Der Advent erinnert uns daran, wie sch\u00f6n es ist, gemeinsam zu warten, zu staunen und kleine Momente der Freude zu teilen.<\/p><p data-start=\"517\" data-end=\"711\">Wir w\u00fcnschen allen Familien eine besinnliche Adventszeit voller W\u00e4rme, fr\u00f6hlicher Begegnungen und leuchtender Augenblicke. M\u00f6gen die kommenden Wochen Ruhe bringen \u2013 und auch ein bisschen Zauber.<\/p><p data-start=\"517\" data-end=\"711\">Bitte beachten Sie auch die <a href=\"http:\/\/www.sebastianusschule.de\/wpkgss\/wp-content\/uploads\/2025\/11\/Terminuebersicht-Dezember.pdf\">Termin\u00fcbersicht f\u00fcr Dezember<\/a>, in der alle wichtigen Veranstaltungen und Aktionen unserer Schule \u00fcbersichtlich zusammengefasst sind.<\/p><p data-start=\"713\" data-end=\"766\">Herzliche Adventsgr\u00fc\u00dfe<br data-start=\"735\" data-end=\"738\" \/><strong data-start=\"738\" data-end=\"766\">Das Team der Sebastianusschule\u00a0<\/strong><\/p>\t\t\t\t\t\t<\/div>\n\t\t\t\t<\/div>\n\t\t\t\t\t<\/div>\n\t\t<\/div>\n\t\t\t\t<div class=\"elementor-column elementor-col-50 elementor-top-column elementor-element elementor-element-2efcffb\" data-id=\"2efcffb\" data-element_type=\"column\">\n\t\t\t<div class=\"elementor-widget-wrap elementor-element-populated\">\n\t\t\t\t\t\t\t\t<div class=\"elementor-element elementor-element-9bf87e8 elementor-widget elementor-widget-image\" data-id=\"9bf87e8\" data-element_type=\"widget\" data-widget_type=\"image.default\">\n\t\t\t\t<div class=\"elementor-widget-container\">\n\t\t\t\t\t\t\t\t\t\t\t\t\t\t\t<img decoding=\"async\" loading=\"lazy\" width=\"1024\" height=\"768\" src=\"https:\/\/www.sebastianusschule.de\/wpkgss\/wp-content\/uploads\/2025\/11\/IMG_8733-1024x768.jpg\" class=\"attachment-large size-large wp-image-5734\" alt=\"\" srcset=\"https:\/\/www.sebastianusschule.de\/wpkgss\/wp-content\/uploads\/2025\/11\/IMG_8733-1024x768.jpg 1024w, https:\/\/www.sebastianusschule.de\/wpkgss\/wp-content\/uploads\/2025\/11\/IMG_8733-300x225.jpg 300w, https:\/\/www.sebastianusschule.de\/wpkgss\/wp-content\/uploads\/2025\/11\/IMG_8733-768x576.jpg 768w, https:\/\/www.sebastianusschule.de\/wpkgss\/wp-content\/uploads\/2025\/11\/IMG_8733-1536x1152.jpg 1536w, https:\/\/www.sebastianusschule.de\/wpkgss\/wp-content\/uploads\/2025\/11\/IMG_8733-2048x1536.jpg 2048w\" sizes=\"(max-width: 1024px) 100vw, 1024px\" \/>\t\t\t\t\t\t\t\t\t\t\t\t\t\t\t<\/div>\n\t\t\t\t<\/div>\n\t\t\t\t\t<\/div>\n\t\t<\/div>\n\t\t\t\t\t\t\t<\/div>\n\t\t<\/section>\n\t\t\t\t<section class=\"elementor-section elementor-top-section elementor-element elementor-element-e59e1e1 elementor-section-boxed elementor-section-height-default elementor-section-height-default\" data-id=\"e59e1e1\" data-element_type=\"section\">\n\t\t\t\t\t\t<div class=\"elementor-container elementor-column-gap-default\">\n\t\t\t\t\t<div class=\"elementor-column elementor-col-100 elementor-top-column elementor-element elementor-element-ad7ac68\" data-id=\"ad7ac68\" data-element_type=\"column\">\n\t\t\t<div class=\"elementor-widget-wrap elementor-element-populated\">\n\t\t\t\t\t\t\t\t<div class=\"elementor-element elementor-element-d14105b elementor-widget elementor-widget-text-editor\" data-id=\"d14105b\" data-element_type=\"widget\" data-widget_type=\"text-editor.default\">\n\t\t\t\t<div class=\"elementor-widget-container\">\n\t\t\t\t\t\t\t<p><a href=\"http:\/\/www.sebastianusschule.de\/wpkgss\/wp-content\/uploads\/2025\/11\/Terminuebersicht-Dezember.pdf\">Termin\u00fcbersicht Dezember<\/a><\/p>\t\t\t\t\t\t<\/div>\n\t\t\t\t<\/div>\n\t\t\t\t\t<\/div>\n\t\t<\/div>\n\t\t\t\t\t\t\t<\/div>\n\t\t<\/section>\n\t\t\t\t\t\t\t<\/div>\n\t\t","protected":false},"excerpt":{"rendered":"<p>Liebe Sch\u00fclerinnen und Sch\u00fcler, liebe Eltern und Freunde unserer Grundschule, in dieser besonderen Zeit des Jahres wird es bei uns gem\u00fctlich: Lichter leuchten, es duftet nach Pl\u00e4tzchen und \u00fcberall h\u00f6rt man leises Klingen und fr\u00f6hliches Lachen. Der Advent erinnert uns daran, wie sch\u00f6n es ist, gemeinsam zu warten, zu staunen und kleine Momente der Freude [&hellip;]<\/p>\n","protected":false},"author":6,"featured_media":0,"comment_status":"closed","ping_status":"closed","sticky":false,"template":"","format":"standard","meta":{"footnotes":""},"categories":[1],"tags":[],"_links":{"self":[{"href":"https:\/\/www.sebastianusschule.de\/wpkgss\/wp-json\/wp\/v2\/posts\/5732"}],"collection":[{"href":"https:\/\/www.sebastianusschule.de\/wpkgss\/wp-json\/wp\/v2\/posts"}],"about":[{"href":"https:\/\/www.sebastianusschule.de\/wpkgss\/wp-json\/wp\/v2\/types\/post"}],"author":[{"embeddable":true,"href":"https:\/\/www.sebastianusschule.de\/wpkgss\/wp-json\/wp\/v2\/users\/6"}],"replies":[{"embeddable":true,"href":"https:\/\/www.sebastianusschule.de\/wpkgss\/wp-json\/wp\/v2\/comments?post=5732"}],"version-history":[{"count":7,"href":"https:\/\/www.sebastianusschule.de\/wpkgss\/wp-json\/wp\/v2\/posts\/5732\/revisions"}],"predecessor-version":[{"id":5741,"href":"https:\/\/www.sebastianusschule.de\/wpkgss\/wp-json\/wp\/v2\/posts\/5732\/revisions\/5741"}],"wp:attachment":[{"href":"https:\/\/www.sebastianusschule.de\/wpkgss\/wp-json\/wp\/v2\/media?parent=5732"}],"wp:term":[{"taxonomy":"category","embeddable":true,"href":"https:\/\/www.sebastianusschule.de\/wpkgss\/wp-json\/wp\/v2\/categories?post=5732"},{"taxonomy":"post_tag","embeddable":true,"href":"https:\/\/www.sebastianusschule.de\/wpkgss\/wp-json\/wp\/v2\/tags?post=5732"}],"curies":[{"name":"wp","href":"https:\/\/api.w.org\/{rel}","templated":true}]}}