{"id":2648,"date":"2022-06-13T19:37:13","date_gmt":"2022-06-13T17:37:13","guid":{"rendered":"http:\/\/www.sebastianusschule.de\/wp_seb\/?p=2648"},"modified":"2022-06-13T19:42:27","modified_gmt":"2022-06-13T17:42:27","slug":"nuri-und-der-geschichtenteppich","status":"publish","type":"post","link":"https:\/\/www.sebastianusschule.de\/wpkgss\/nuri-und-der-geschichtenteppich\/","title":{"rendered":"Nuri und der Geschichtenteppich"},"content":{"rendered":"\t\t<div data-elementor-type=\"wp-post\" data-elementor-id=\"2648\" class=\"elementor elementor-2648\">\n\t\t\t\t\t\t\t\t\t<section class=\"elementor-section elementor-top-section elementor-element elementor-element-672be47 elementor-section-boxed elementor-section-height-default elementor-section-height-default\" data-id=\"672be47\" data-element_type=\"section\">\n\t\t\t\t\t\t<div class=\"elementor-container elementor-column-gap-default\">\n\t\t\t\t\t<div class=\"elementor-column elementor-col-100 elementor-top-column elementor-element elementor-element-de1a243\" data-id=\"de1a243\" data-element_type=\"column\">\n\t\t\t<div class=\"elementor-widget-wrap elementor-element-populated\">\n\t\t\t\t\t\t\t\t<div class=\"elementor-element elementor-element-b501e63 elementor-widget elementor-widget-heading\" data-id=\"b501e63\" data-element_type=\"widget\" data-widget_type=\"heading.default\">\n\t\t\t\t<div class=\"elementor-widget-container\">\n\t\t\t<h2 class=\"elementor-heading-title elementor-size-default\">Lesung mit Andrea Karim\u00e9<\/h2>\t\t<\/div>\n\t\t\t\t<\/div>\n\t\t\t\t\t<\/div>\n\t\t<\/div>\n\t\t\t\t\t\t\t<\/div>\n\t\t<\/section>\n\t\t\t\t<section class=\"elementor-section elementor-top-section elementor-element elementor-element-331b1d8 elementor-section-boxed elementor-section-height-default elementor-section-height-default\" data-id=\"331b1d8\" data-element_type=\"section\">\n\t\t\t\t\t\t<div class=\"elementor-container elementor-column-gap-default\">\n\t\t\t\t\t<div class=\"elementor-column elementor-col-50 elementor-top-column elementor-element elementor-element-dcf7184\" data-id=\"dcf7184\" data-element_type=\"column\">\n\t\t\t<div class=\"elementor-widget-wrap elementor-element-populated\">\n\t\t\t\t\t\t\t\t<div class=\"elementor-element elementor-element-9474227 elementor-widget elementor-widget-text-editor\" data-id=\"9474227\" data-element_type=\"widget\" data-widget_type=\"text-editor.default\">\n\t\t\t\t<div class=\"elementor-widget-container\">\n\t\t\t\t\t\t\t<p>Zum Ende des Schuljahres gab es f\u00fcr die Kinder und Lehrer*innen der Sebastianusschule am 10. Juni ein besonderes kulturelles Angebot. Mit Bussen fuhren alle nach Bardenberg und lauschten in der besonderen Kulisse der Burg Wilhelmstein der Lesung von Andrea Karim\u00e9. Immer wieder band sie die Kinder mit Fragen in die Lesung ein und beantwortete auch Fragen der Kinder zur Arbeit einer Kinderbuchautorin.<\/p>\t\t\t\t\t\t<\/div>\n\t\t\t\t<\/div>\n\t\t\t\t\t<\/div>\n\t\t<\/div>\n\t\t\t\t<div class=\"elementor-column elementor-col-50 elementor-top-column elementor-element elementor-element-6a0273c\" data-id=\"6a0273c\" data-element_type=\"column\">\n\t\t\t<div class=\"elementor-widget-wrap elementor-element-populated\">\n\t\t\t\t\t\t\t\t<div class=\"elementor-element elementor-element-8b3f2ec elementor-widget elementor-widget-image\" data-id=\"8b3f2ec\" data-element_type=\"widget\" data-widget_type=\"image.default\">\n\t\t\t\t<div class=\"elementor-widget-container\">\n\t\t\t\t\t\t\t\t\t\t\t\t\t\t\t<img decoding=\"async\" loading=\"lazy\" width=\"169\" height=\"300\" src=\"https:\/\/www.sebastianusschule.de\/wpkgss\/wp-content\/uploads\/2022\/06\/image0-169x300.jpeg\" class=\"attachment-medium size-medium wp-image-2650\" alt=\"\" srcset=\"https:\/\/www.sebastianusschule.de\/wpkgss\/wp-content\/uploads\/2022\/06\/image0-169x300.jpeg 169w, https:\/\/www.sebastianusschule.de\/wpkgss\/wp-content\/uploads\/2022\/06\/image0-576x1024.jpeg 576w, https:\/\/www.sebastianusschule.de\/wpkgss\/wp-content\/uploads\/2022\/06\/image0-768x1365.jpeg 768w, https:\/\/www.sebastianusschule.de\/wpkgss\/wp-content\/uploads\/2022\/06\/image0-864x1536.jpeg 864w, https:\/\/www.sebastianusschule.de\/wpkgss\/wp-content\/uploads\/2022\/06\/image0.jpeg 1152w\" sizes=\"(max-width: 169px) 100vw, 169px\" \/>\t\t\t\t\t\t\t\t\t\t\t\t\t\t\t<\/div>\n\t\t\t\t<\/div>\n\t\t\t\t\t<\/div>\n\t\t<\/div>\n\t\t\t\t\t\t\t<\/div>\n\t\t<\/section>\n\t\t\t\t<section class=\"elementor-section elementor-top-section elementor-element elementor-element-a8e2996 elementor-section-boxed elementor-section-height-default elementor-section-height-default\" data-id=\"a8e2996\" data-element_type=\"section\">\n\t\t\t\t\t\t<div class=\"elementor-container elementor-column-gap-default\">\n\t\t\t\t\t<div class=\"elementor-column elementor-col-50 elementor-top-column elementor-element elementor-element-cb44e0c\" data-id=\"cb44e0c\" data-element_type=\"column\">\n\t\t\t<div class=\"elementor-widget-wrap elementor-element-populated\">\n\t\t\t\t\t\t\t\t<div class=\"elementor-element elementor-element-15d8006 elementor-widget elementor-widget-image\" data-id=\"15d8006\" data-element_type=\"widget\" data-widget_type=\"image.default\">\n\t\t\t\t<div class=\"elementor-widget-container\">\n\t\t\t\t\t\t\t\t\t\t\t\t\t\t\t<img decoding=\"async\" loading=\"lazy\" width=\"1024\" height=\"768\" src=\"https:\/\/www.sebastianusschule.de\/wpkgss\/wp-content\/uploads\/2022\/06\/image4-1.jpeg\" class=\"attachment-large size-large wp-image-2653\" alt=\"\" srcset=\"https:\/\/www.sebastianusschule.de\/wpkgss\/wp-content\/uploads\/2022\/06\/image4-1.jpeg 1024w, https:\/\/www.sebastianusschule.de\/wpkgss\/wp-content\/uploads\/2022\/06\/image4-1-300x225.jpeg 300w, https:\/\/www.sebastianusschule.de\/wpkgss\/wp-content\/uploads\/2022\/06\/image4-1-768x576.jpeg 768w\" sizes=\"(max-width: 1024px) 100vw, 1024px\" \/>\t\t\t\t\t\t\t\t\t\t\t\t\t\t\t<\/div>\n\t\t\t\t<\/div>\n\t\t\t\t\t<\/div>\n\t\t<\/div>\n\t\t\t\t<div class=\"elementor-column elementor-col-50 elementor-top-column elementor-element elementor-element-f901b21\" data-id=\"f901b21\" data-element_type=\"column\">\n\t\t\t<div class=\"elementor-widget-wrap elementor-element-populated\">\n\t\t\t\t\t\t\t\t<div class=\"elementor-element elementor-element-21dcc30 elementor-widget elementor-widget-text-editor\" data-id=\"21dcc30\" data-element_type=\"widget\" data-widget_type=\"text-editor.default\">\n\t\t\t\t<div class=\"elementor-widget-container\">\n\t\t\t\t\t\t\t<p>\u201eWelche Sprachen habt ihr heute mitgebracht?\u201c, fragt die Kinderbuchautorin Andrea Karim\u00e9 zur Begr\u00fc\u00dfung und zum Einstieg in ihre Lesung auf Burg Wilhelmstein.In der Gruppe der Kinder kommen einige zusammen: Italienisch, Franz\u00f6sisch, Polnisch, Arabisch, T\u00fcrkisch, Farsi, Russisch, Bulgarisch, Serbisch und Kroatisch. Andrea Karim\u00e9 kann alle Kinder in den genannten Sprachen begr\u00fc\u00dfen und sie zur Lesung willkommen hei\u00dfen.Die Sprache als Schl\u00fcssel zur Welt ist der Autorin mit deutsch-libanesischen Wurzeln ein besonderes Anliegen. Davon erz\u00e4hlt sie den Kindern begeistert.<\/p>\t\t\t\t\t\t<\/div>\n\t\t\t\t<\/div>\n\t\t\t\t\t<\/div>\n\t\t<\/div>\n\t\t\t\t\t\t\t<\/div>\n\t\t<\/section>\n\t\t\t\t<section class=\"elementor-section elementor-top-section elementor-element elementor-element-38a1ee0 elementor-section-boxed elementor-section-height-default elementor-section-height-default\" data-id=\"38a1ee0\" data-element_type=\"section\">\n\t\t\t\t\t\t<div class=\"elementor-container elementor-column-gap-default\">\n\t\t\t\t\t<div class=\"elementor-column elementor-col-50 elementor-top-column elementor-element elementor-element-80d3355\" data-id=\"80d3355\" data-element_type=\"column\">\n\t\t\t<div class=\"elementor-widget-wrap elementor-element-populated\">\n\t\t\t\t\t\t\t\t<div class=\"elementor-element elementor-element-9cedc1d elementor-widget elementor-widget-text-editor\" data-id=\"9cedc1d\" data-element_type=\"widget\" data-widget_type=\"text-editor.default\">\n\t\t\t\t<div class=\"elementor-widget-container\">\n\t\t\t\t\t\t\t<p>\u201eNuri und der Geschichtenteppich\u201c ist das erste ver\u00f6ffentlichte Werk von Andrea Karim\u00e9 und bereits 2006 erschienen. Die Thematik ist aktuell: Nuri wird nachts von ihren Eltern geweckt und aufgefordert, ihren Koffer zu nehmen, da die Familie unbemerkt ihr Land verlassen und nach Deutschland aufbrechen will. Auf Nachfrage wissen die Kinder der Sebastianusschule, dass ein Krieg die Ursache f\u00fcr die Flucht ist. \u201eEuren Eltern ist bestimmt nicht recht, dass ihr schon so viel dar\u00fcber wisst\u201c, merkt die Autorin an. Dann beginnt Frau Karim\u00e9 davon zu lesen und zu erz\u00e4hlen, wie es Nuri in Deutschland ergeht. Geh\u00e4nselt und geschlagen von gemeinen Kindern aus der Klasse sieht sie nur einen Ausweg: Sie erz\u00e4hlt Geschichten, die sie in ihrem Geschichtenteppich findet. Das ist eine M\u00f6glichkeit, die gemeinen Kinder abzulenken. Der Tipp ihrer Tante Marwa, die das Kind schmerzlich vermisst, funktioniert.<\/p>\t\t\t\t\t\t<\/div>\n\t\t\t\t<\/div>\n\t\t\t\t\t<\/div>\n\t\t<\/div>\n\t\t\t\t<div class=\"elementor-column elementor-col-50 elementor-top-column elementor-element elementor-element-453bab7\" data-id=\"453bab7\" data-element_type=\"column\">\n\t\t\t<div class=\"elementor-widget-wrap elementor-element-populated\">\n\t\t\t\t\t\t\t\t<div class=\"elementor-element elementor-element-9615ba3 elementor-widget elementor-widget-image\" data-id=\"9615ba3\" data-element_type=\"widget\" data-widget_type=\"image.default\">\n\t\t\t\t<div class=\"elementor-widget-container\">\n\t\t\t\t\t\t\t\t\t\t\t\t\t\t\t<img decoding=\"async\" loading=\"lazy\" width=\"640\" height=\"480\" src=\"https:\/\/www.sebastianusschule.de\/wpkgss\/wp-content\/uploads\/2022\/06\/image1-1.jpeg\" class=\"attachment-large size-large wp-image-2651\" alt=\"\" srcset=\"https:\/\/www.sebastianusschule.de\/wpkgss\/wp-content\/uploads\/2022\/06\/image1-1.jpeg 640w, https:\/\/www.sebastianusschule.de\/wpkgss\/wp-content\/uploads\/2022\/06\/image1-1-300x225.jpeg 300w\" sizes=\"(max-width: 640px) 100vw, 640px\" \/>\t\t\t\t\t\t\t\t\t\t\t\t\t\t\t<\/div>\n\t\t\t\t<\/div>\n\t\t\t\t\t<\/div>\n\t\t<\/div>\n\t\t\t\t\t\t\t<\/div>\n\t\t<\/section>\n\t\t\t\t<section class=\"elementor-section elementor-top-section elementor-element elementor-element-ad786f5 elementor-section-boxed elementor-section-height-default elementor-section-height-default\" data-id=\"ad786f5\" data-element_type=\"section\">\n\t\t\t\t\t\t<div class=\"elementor-container elementor-column-gap-default\">\n\t\t\t\t\t<div class=\"elementor-column elementor-col-50 elementor-top-column elementor-element elementor-element-20d3db8\" data-id=\"20d3db8\" data-element_type=\"column\">\n\t\t\t<div class=\"elementor-widget-wrap elementor-element-populated\">\n\t\t\t\t\t\t\t\t<div class=\"elementor-element elementor-element-e9dd382 elementor-widget elementor-widget-image\" data-id=\"e9dd382\" data-element_type=\"widget\" data-widget_type=\"image.default\">\n\t\t\t\t<div class=\"elementor-widget-container\">\n\t\t\t\t\t\t\t\t\t\t\t\t\t\t\t<img decoding=\"async\" loading=\"lazy\" width=\"768\" height=\"1024\" src=\"https:\/\/www.sebastianusschule.de\/wpkgss\/wp-content\/uploads\/2022\/06\/image3.jpeg\" class=\"attachment-large size-large wp-image-2652\" alt=\"\" srcset=\"https:\/\/www.sebastianusschule.de\/wpkgss\/wp-content\/uploads\/2022\/06\/image3.jpeg 768w, https:\/\/www.sebastianusschule.de\/wpkgss\/wp-content\/uploads\/2022\/06\/image3-225x300.jpeg 225w\" sizes=\"(max-width: 768px) 100vw, 768px\" \/>\t\t\t\t\t\t\t\t\t\t\t\t\t\t\t<\/div>\n\t\t\t\t<\/div>\n\t\t\t\t\t<\/div>\n\t\t<\/div>\n\t\t\t\t<div class=\"elementor-column elementor-col-50 elementor-top-column elementor-element elementor-element-42ee580\" data-id=\"42ee580\" data-element_type=\"column\">\n\t\t\t<div class=\"elementor-widget-wrap elementor-element-populated\">\n\t\t\t\t\t\t\t\t<div class=\"elementor-element elementor-element-a181216 elementor-widget elementor-widget-text-editor\" data-id=\"a181216\" data-element_type=\"widget\" data-widget_type=\"text-editor.default\">\n\t\t\t\t<div class=\"elementor-widget-container\">\n\t\t\t\t\t\t\t<p>Die Kinder lauschen Frau Karim\u00e9 gebannt, wie sie Nuris Geschichte von den Schwarzzahnmonstern erz\u00e4hlt, und wie dabei diese Wesen durch ihre passend verstellte Stimme lebendig werden. Eine von den Kindern gew\u00fcnschte Zugabe liefert Frau Karim\u00e9 gerne, indem sie noch ein St\u00fcckchen mehr von der Geschichte erz\u00e4hlt. Wie die Geschichte endet, erfahren die Kinder jedoch nicht. Da jede Klasse \u00fcber ein Buch verf\u00fcgt, kann dies in der Schule noch nachgelesen werden.<\/p><p>Auch ihren eigenen bunten Geschichtenteppich brachte Andrea Karim\u00e9 mit. Abschlie\u00dfend erhielten die Kinder noch eine Karte als Erinnerung an die Lesung. Frau Karim\u00e9s lebendiger Vortrag sorgte f\u00fcr ein aufmerksames Publikum und gro\u00dfen Applaus.<\/p>\t\t\t\t\t\t<\/div>\n\t\t\t\t<\/div>\n\t\t\t\t\t<\/div>\n\t\t<\/div>\n\t\t\t\t\t\t\t<\/div>\n\t\t<\/section>\n\t\t\t\t\t\t\t<\/div>\n\t\t","protected":false},"excerpt":{"rendered":"<p>Lesung mit Andrea Karim\u00e9 Zum Ende des Schuljahres gab es f\u00fcr die Kinder und Lehrer*innen der Sebastianusschule am 10. Juni ein besonderes kulturelles Angebot. Mit Bussen fuhren alle nach Bardenberg und lauschten in der besonderen Kulisse der Burg Wilhelmstein der Lesung von Andrea Karim\u00e9. Immer wieder band sie die Kinder mit Fragen in die Lesung [&hellip;]<\/p>\n","protected":false},"author":6,"featured_media":0,"comment_status":"closed","ping_status":"closed","sticky":false,"template":"","format":"standard","meta":{"footnotes":""},"categories":[1],"tags":[],"_links":{"self":[{"href":"https:\/\/www.sebastianusschule.de\/wpkgss\/wp-json\/wp\/v2\/posts\/2648"}],"collection":[{"href":"https:\/\/www.sebastianusschule.de\/wpkgss\/wp-json\/wp\/v2\/posts"}],"about":[{"href":"https:\/\/www.sebastianusschule.de\/wpkgss\/wp-json\/wp\/v2\/types\/post"}],"author":[{"embeddable":true,"href":"https:\/\/www.sebastianusschule.de\/wpkgss\/wp-json\/wp\/v2\/users\/6"}],"replies":[{"embeddable":true,"href":"https:\/\/www.sebastianusschule.de\/wpkgss\/wp-json\/wp\/v2\/comments?post=2648"}],"version-history":[{"count":10,"href":"https:\/\/www.sebastianusschule.de\/wpkgss\/wp-json\/wp\/v2\/posts\/2648\/revisions"}],"predecessor-version":[{"id":2662,"href":"https:\/\/www.sebastianusschule.de\/wpkgss\/wp-json\/wp\/v2\/posts\/2648\/revisions\/2662"}],"wp:attachment":[{"href":"https:\/\/www.sebastianusschule.de\/wpkgss\/wp-json\/wp\/v2\/media?parent=2648"}],"wp:term":[{"taxonomy":"category","embeddable":true,"href":"https:\/\/www.sebastianusschule.de\/wpkgss\/wp-json\/wp\/v2\/categories?post=2648"},{"taxonomy":"post_tag","embeddable":true,"href":"https:\/\/www.sebastianusschule.de\/wpkgss\/wp-json\/wp\/v2\/tags?post=2648"}],"curies":[{"name":"wp","href":"https:\/\/api.w.org\/{rel}","templated":true}]}}