{"id":4927,"date":"2025-02-02T19:10:27","date_gmt":"2025-02-02T18:10:27","guid":{"rendered":"https:\/\/www.sebastianusschule.de\/wpkgss\/?p=4927"},"modified":"2025-02-02T19:12:07","modified_gmt":"2025-02-02T18:12:07","slug":"kinderbuchkino-im-alten-rathaus","status":"publish","type":"post","link":"http:\/\/www.sebastianusschule.de\/wpkgss\/kinderbuchkino-im-alten-rathaus\/","title":{"rendered":"Kinderbuchkino im Alten Rathaus"},"content":{"rendered":"\t\t<div data-elementor-type=\"wp-post\" data-elementor-id=\"4927\" class=\"elementor elementor-4927\">\n\t\t\t\t\t\t\t\t\t<section class=\"elementor-section elementor-top-section elementor-element elementor-element-497eabf elementor-section-boxed elementor-section-height-default elementor-section-height-default\" data-id=\"497eabf\" data-element_type=\"section\">\n\t\t\t\t\t\t<div class=\"elementor-container elementor-column-gap-default\">\n\t\t\t\t\t<div class=\"elementor-column elementor-col-100 elementor-top-column elementor-element elementor-element-22d08de\" data-id=\"22d08de\" data-element_type=\"column\">\n\t\t\t<div class=\"elementor-widget-wrap elementor-element-populated\">\n\t\t\t\t\t\t\t\t<div class=\"elementor-element elementor-element-0a9f031 elementor-widget elementor-widget-heading\" data-id=\"0a9f031\" data-element_type=\"widget\" data-widget_type=\"heading.default\">\n\t\t\t\t<div class=\"elementor-widget-container\">\n\t\t\t<h2 class=\"elementor-heading-title elementor-size-default\">Sebastianustag, 24. Januar 2025<\/h2>\t\t<\/div>\n\t\t\t\t<\/div>\n\t\t\t\t\t<\/div>\n\t\t<\/div>\n\t\t\t\t\t\t\t<\/div>\n\t\t<\/section>\n\t\t\t\t<section class=\"elementor-section elementor-top-section elementor-element elementor-element-b6af035 elementor-section-boxed elementor-section-height-default elementor-section-height-default\" data-id=\"b6af035\" data-element_type=\"section\">\n\t\t\t\t\t\t<div class=\"elementor-container elementor-column-gap-default\">\n\t\t\t\t\t<div class=\"elementor-column elementor-col-100 elementor-top-column elementor-element elementor-element-3904764\" data-id=\"3904764\" data-element_type=\"column\">\n\t\t\t<div class=\"elementor-widget-wrap elementor-element-populated\">\n\t\t\t\t\t\t\t\t<div class=\"elementor-element elementor-element-057bb29 elementor-widget elementor-widget-text-editor\" data-id=\"057bb29\" data-element_type=\"widget\" data-widget_type=\"text-editor.default\">\n\t\t\t\t<div class=\"elementor-widget-container\">\n\t\t\t\t\t\t\t<p>\u00a0<\/p><p>Nach dem Gottesdienst am Sebastianustag erwartete uns das Kinderbuchkino von Thomas Pelzer. Er ist Sprecher und Vorleser im Radio, in H\u00f6rspielen und auf der<\/p><p>B\u00fchne und las den Jahrg\u00e4nge 1 und 2 das Buch \u201aDie unglaubliche Geschichte der Riesenbirne\u2018 und den Jahrg\u00e4nge 3 und 4 das Buch \u201aLindbergh \u2013 Die abenteuerliche Geschichte einer fliegenden Maus\u2018 vor. Beides Geschichten, die vom Mut handeln. Die Bilder der B\u00fccher wurden auf eine gro\u00dfe Leinwand projiziert und mit passenden Ger\u00e4uschen untermalt. Am Ende klatschten alle Kinder begeistert.<\/p><p>\u00a0<\/p>\t\t\t\t\t\t<\/div>\n\t\t\t\t<\/div>\n\t\t\t\t\t<\/div>\n\t\t<\/div>\n\t\t\t\t\t\t\t<\/div>\n\t\t<\/section>\n\t\t\t\t<section class=\"elementor-section elementor-top-section elementor-element elementor-element-ab30932 elementor-section-boxed elementor-section-height-default elementor-section-height-default\" data-id=\"ab30932\" data-element_type=\"section\">\n\t\t\t\t\t\t<div class=\"elementor-container elementor-column-gap-default\">\n\t\t\t\t\t<div class=\"elementor-column elementor-col-50 elementor-top-column elementor-element elementor-element-6ac7ac8\" data-id=\"6ac7ac8\" data-element_type=\"column\">\n\t\t\t<div class=\"elementor-widget-wrap elementor-element-populated\">\n\t\t\t\t\t\t\t\t<div class=\"elementor-element elementor-element-6781dd6 elementor-widget__width-initial elementor-widget elementor-widget-image\" data-id=\"6781dd6\" data-element_type=\"widget\" data-widget_type=\"image.default\">\n\t\t\t\t<div class=\"elementor-widget-container\">\n\t\t\t\t\t\t\t\t\t\t\t\t<figure class=\"wp-caption\">\n\t\t\t\t\t\t\t\t\t\t<img decoding=\"async\" loading=\"lazy\" width=\"683\" height=\"1024\" src=\"http:\/\/www.sebastianusschule.de\/wpkgss\/wp-content\/uploads\/2025\/02\/Gruppe1-683x1024.jpg\" class=\"attachment-large size-large wp-image-4929\" alt=\"\" srcset=\"http:\/\/www.sebastianusschule.de\/wpkgss\/wp-content\/uploads\/2025\/02\/Gruppe1-683x1024.jpg 683w, http:\/\/www.sebastianusschule.de\/wpkgss\/wp-content\/uploads\/2025\/02\/Gruppe1-200x300.jpg 200w, http:\/\/www.sebastianusschule.de\/wpkgss\/wp-content\/uploads\/2025\/02\/Gruppe1-768x1152.jpg 768w, http:\/\/www.sebastianusschule.de\/wpkgss\/wp-content\/uploads\/2025\/02\/Gruppe1-1024x1536.jpg 1024w, http:\/\/www.sebastianusschule.de\/wpkgss\/wp-content\/uploads\/2025\/02\/Gruppe1-1365x2048.jpg 1365w, http:\/\/www.sebastianusschule.de\/wpkgss\/wp-content\/uploads\/2025\/02\/Gruppe1-scaled.jpg 1707w\" sizes=\"(max-width: 683px) 100vw, 683px\" \/>\t\t\t\t\t\t\t\t\t\t\t<figcaption class=\"widget-image-caption wp-caption-text\">Die unglaubliche Geschichte der Riesenbirne<\/figcaption>\n\t\t\t\t\t\t\t\t\t\t<\/figure>\n\t\t\t\t\t\t\t\t\t<\/div>\n\t\t\t\t<\/div>\n\t\t\t\t\t<\/div>\n\t\t<\/div>\n\t\t\t\t<div class=\"elementor-column elementor-col-50 elementor-top-column elementor-element elementor-element-1abaf4d\" data-id=\"1abaf4d\" data-element_type=\"column\">\n\t\t\t<div class=\"elementor-widget-wrap elementor-element-populated\">\n\t\t\t\t\t\t\t\t<div class=\"elementor-element elementor-element-e143a44 elementor-widget elementor-widget-image\" data-id=\"e143a44\" data-element_type=\"widget\" data-widget_type=\"image.default\">\n\t\t\t\t<div class=\"elementor-widget-container\">\n\t\t\t\t\t\t\t\t\t\t\t\t<figure class=\"wp-caption\">\n\t\t\t\t\t\t\t\t\t\t<img decoding=\"async\" loading=\"lazy\" width=\"1024\" height=\"683\" src=\"http:\/\/www.sebastianusschule.de\/wpkgss\/wp-content\/uploads\/2025\/02\/Gruppe2-1024x683.jpg\" class=\"attachment-large size-large wp-image-4930\" alt=\"\" srcset=\"http:\/\/www.sebastianusschule.de\/wpkgss\/wp-content\/uploads\/2025\/02\/Gruppe2-1024x683.jpg 1024w, http:\/\/www.sebastianusschule.de\/wpkgss\/wp-content\/uploads\/2025\/02\/Gruppe2-300x200.jpg 300w, http:\/\/www.sebastianusschule.de\/wpkgss\/wp-content\/uploads\/2025\/02\/Gruppe2-768x512.jpg 768w, http:\/\/www.sebastianusschule.de\/wpkgss\/wp-content\/uploads\/2025\/02\/Gruppe2-1536x1024.jpg 1536w, http:\/\/www.sebastianusschule.de\/wpkgss\/wp-content\/uploads\/2025\/02\/Gruppe2-2048x1365.jpg 2048w\" sizes=\"(max-width: 1024px) 100vw, 1024px\" \/>\t\t\t\t\t\t\t\t\t\t\t<figcaption class=\"widget-image-caption wp-caption-text\">Lindbergh \u2013 Die abenteuerliche Geschichte einer fliegenden Maus<\/figcaption>\n\t\t\t\t\t\t\t\t\t\t<\/figure>\n\t\t\t\t\t\t\t\t\t<\/div>\n\t\t\t\t<\/div>\n\t\t\t\t\t<\/div>\n\t\t<\/div>\n\t\t\t\t\t\t\t<\/div>\n\t\t<\/section>\n\t\t\t\t\t\t\t<\/div>\n\t\t","protected":false},"excerpt":{"rendered":"<p>Sebastianustag, 24. Januar 2025 \u00a0 Nach dem Gottesdienst am Sebastianustag erwartete uns das Kinderbuchkino von Thomas Pelzer. Er ist Sprecher und Vorleser im Radio, in H\u00f6rspielen und auf der B\u00fchne und las den Jahrg\u00e4nge 1 und 2 das Buch \u201aDie unglaubliche Geschichte der Riesenbirne\u2018 und den Jahrg\u00e4nge 3 und 4 das Buch \u201aLindbergh \u2013 Die [&hellip;]<\/p>\n","protected":false},"author":6,"featured_media":0,"comment_status":"closed","ping_status":"closed","sticky":false,"template":"","format":"standard","meta":{"footnotes":""},"categories":[1],"tags":[],"_links":{"self":[{"href":"http:\/\/www.sebastianusschule.de\/wpkgss\/wp-json\/wp\/v2\/posts\/4927"}],"collection":[{"href":"http:\/\/www.sebastianusschule.de\/wpkgss\/wp-json\/wp\/v2\/posts"}],"about":[{"href":"http:\/\/www.sebastianusschule.de\/wpkgss\/wp-json\/wp\/v2\/types\/post"}],"author":[{"embeddable":true,"href":"http:\/\/www.sebastianusschule.de\/wpkgss\/wp-json\/wp\/v2\/users\/6"}],"replies":[{"embeddable":true,"href":"http:\/\/www.sebastianusschule.de\/wpkgss\/wp-json\/wp\/v2\/comments?post=4927"}],"version-history":[{"count":7,"href":"http:\/\/www.sebastianusschule.de\/wpkgss\/wp-json\/wp\/v2\/posts\/4927\/revisions"}],"predecessor-version":[{"id":4936,"href":"http:\/\/www.sebastianusschule.de\/wpkgss\/wp-json\/wp\/v2\/posts\/4927\/revisions\/4936"}],"wp:attachment":[{"href":"http:\/\/www.sebastianusschule.de\/wpkgss\/wp-json\/wp\/v2\/media?parent=4927"}],"wp:term":[{"taxonomy":"category","embeddable":true,"href":"http:\/\/www.sebastianusschule.de\/wpkgss\/wp-json\/wp\/v2\/categories?post=4927"},{"taxonomy":"post_tag","embeddable":true,"href":"http:\/\/www.sebastianusschule.de\/wpkgss\/wp-json\/wp\/v2\/tags?post=4927"}],"curies":[{"name":"wp","href":"https:\/\/api.w.org\/{rel}","templated":true}]}}