{"id":4796,"date":"2024-12-16T18:28:21","date_gmt":"2024-12-16T17:28:21","guid":{"rendered":"https:\/\/www.sebastianusschule.de\/wpkgss\/?p=4796"},"modified":"2024-12-16T18:31:06","modified_gmt":"2024-12-16T17:31:06","slug":"weihnachtssingen-vor-sankt-sebastian-am-14-12-24","status":"publish","type":"post","link":"http:\/\/www.sebastianusschule.de\/wpkgss\/weihnachtssingen-vor-sankt-sebastian-am-14-12-24\/","title":{"rendered":"Weihnachtssingen vor Sankt Sebastian am 14.12.24"},"content":{"rendered":"\t\t<div data-elementor-type=\"wp-post\" data-elementor-id=\"4796\" class=\"elementor elementor-4796\">\n\t\t\t\t\t\t\t\t\t<section class=\"elementor-section elementor-top-section elementor-element elementor-element-3131364 elementor-section-boxed elementor-section-height-default elementor-section-height-default\" data-id=\"3131364\" data-element_type=\"section\">\n\t\t\t\t\t\t<div class=\"elementor-container elementor-column-gap-default\">\n\t\t\t\t\t<div class=\"elementor-column elementor-col-100 elementor-top-column elementor-element elementor-element-8546ec1\" data-id=\"8546ec1\" data-element_type=\"column\">\n\t\t\t<div class=\"elementor-widget-wrap elementor-element-populated\">\n\t\t\t\t\t\t\t\t<div class=\"elementor-element elementor-element-b639148 elementor-widget elementor-widget-text-editor\" data-id=\"b639148\" data-element_type=\"widget\" data-widget_type=\"text-editor.default\">\n\t\t\t\t<div class=\"elementor-widget-container\">\n\t\t\t\t\t\t\t<p>Eingeladen von der ARGE Arbeitsgemeinschaft W\u00fcrselen trafen sich bei klirrender K\u00e4lte am 14. Dezember 38 Kinder unserer Schule, um am Weihnachtssingen der Stadt teilzunehmen. Der Regen machte gl\u00fccklicherweise eine ausreichend lange Pause.<\/p>\t\t\t\t\t\t<\/div>\n\t\t\t\t<\/div>\n\t\t\t\t\t<\/div>\n\t\t<\/div>\n\t\t\t\t\t\t\t<\/div>\n\t\t<\/section>\n\t\t\t\t<section class=\"elementor-section elementor-top-section elementor-element elementor-element-66d9a11 elementor-section-boxed elementor-section-height-default elementor-section-height-default\" data-id=\"66d9a11\" data-element_type=\"section\">\n\t\t\t\t\t\t<div class=\"elementor-container elementor-column-gap-default\">\n\t\t\t\t\t<div class=\"elementor-column elementor-col-100 elementor-top-column elementor-element elementor-element-fbaf151\" data-id=\"fbaf151\" data-element_type=\"column\">\n\t\t\t<div class=\"elementor-widget-wrap elementor-element-populated\">\n\t\t\t\t\t\t\t\t<div class=\"elementor-element elementor-element-5a8bcae elementor-widget elementor-widget-text-editor\" data-id=\"5a8bcae\" data-element_type=\"widget\" data-widget_type=\"text-editor.default\">\n\t\t\t\t<div class=\"elementor-widget-container\">\n\t\t\t\t\t\t\t<p>Der \u201eProjektchor\u201c aus den von ihren Eltern angemeldeten Kindern studierte hierzu unter der Leitung von Frau Goerenz im Vorfeld ein kleines Repertoire an klassischen und modernen Weihnachtsliedern ein. \u201eWir sagen euch an den lieben Advent\u201c gefolgt von dem Lied \u201eWir tragen dein Licht\u201c bildeten den Anfang. Anschlie\u00dfend folgte der Rap \u201eDu bist der Weihnachtsmann\u201c. Zum schwungvollen Abschluss sangen die Kinder eine deutsch-englische Version von \u201eJingle Bells\u201c. Als Erkennungszeichen der Schule trugen alle einen gelben Schal mit dem Schullogo.<\/p>\t\t\t\t\t\t<\/div>\n\t\t\t\t<\/div>\n\t\t\t\t\t<\/div>\n\t\t<\/div>\n\t\t\t\t\t\t\t<\/div>\n\t\t<\/section>\n\t\t\t\t<section class=\"elementor-section elementor-top-section elementor-element elementor-element-8b88c03 elementor-section-boxed elementor-section-height-default elementor-section-height-default\" data-id=\"8b88c03\" data-element_type=\"section\">\n\t\t\t\t\t\t<div class=\"elementor-container elementor-column-gap-default\">\n\t\t\t\t\t<div class=\"elementor-column elementor-col-33 elementor-top-column elementor-element elementor-element-9d2938a\" data-id=\"9d2938a\" data-element_type=\"column\">\n\t\t\t<div class=\"elementor-widget-wrap elementor-element-populated\">\n\t\t\t\t\t\t\t\t<div class=\"elementor-element elementor-element-f9162d9 elementor-widget elementor-widget-image\" data-id=\"f9162d9\" data-element_type=\"widget\" data-widget_type=\"image.default\">\n\t\t\t\t<div class=\"elementor-widget-container\">\n\t\t\t\t\t\t\t\t\t\t\t\t\t\t\t<img decoding=\"async\" loading=\"lazy\" width=\"1024\" height=\"683\" src=\"http:\/\/www.sebastianusschule.de\/wpkgss\/wp-content\/uploads\/2024\/12\/DSC05862-1024x683.jpg\" class=\"attachment-large size-large wp-image-4799\" alt=\"\" srcset=\"http:\/\/www.sebastianusschule.de\/wpkgss\/wp-content\/uploads\/2024\/12\/DSC05862-1024x683.jpg 1024w, http:\/\/www.sebastianusschule.de\/wpkgss\/wp-content\/uploads\/2024\/12\/DSC05862-300x200.jpg 300w, http:\/\/www.sebastianusschule.de\/wpkgss\/wp-content\/uploads\/2024\/12\/DSC05862-768x512.jpg 768w, http:\/\/www.sebastianusschule.de\/wpkgss\/wp-content\/uploads\/2024\/12\/DSC05862-1536x1024.jpg 1536w, http:\/\/www.sebastianusschule.de\/wpkgss\/wp-content\/uploads\/2024\/12\/DSC05862-2048x1365.jpg 2048w\" sizes=\"(max-width: 1024px) 100vw, 1024px\" \/>\t\t\t\t\t\t\t\t\t\t\t\t\t\t\t<\/div>\n\t\t\t\t<\/div>\n\t\t\t\t\t<\/div>\n\t\t<\/div>\n\t\t\t\t<div class=\"elementor-column elementor-col-33 elementor-top-column elementor-element elementor-element-d4f0bea\" data-id=\"d4f0bea\" data-element_type=\"column\">\n\t\t\t<div class=\"elementor-widget-wrap elementor-element-populated\">\n\t\t\t\t\t\t\t\t<div class=\"elementor-element elementor-element-08392fd elementor-widget elementor-widget-image\" data-id=\"08392fd\" data-element_type=\"widget\" data-widget_type=\"image.default\">\n\t\t\t\t<div class=\"elementor-widget-container\">\n\t\t\t\t\t\t\t\t\t\t\t\t\t\t\t<img decoding=\"async\" loading=\"lazy\" width=\"1024\" height=\"683\" src=\"http:\/\/www.sebastianusschule.de\/wpkgss\/wp-content\/uploads\/2024\/12\/DSC05840-1024x683.jpg\" class=\"attachment-large size-large wp-image-4798\" alt=\"\" srcset=\"http:\/\/www.sebastianusschule.de\/wpkgss\/wp-content\/uploads\/2024\/12\/DSC05840-1024x683.jpg 1024w, http:\/\/www.sebastianusschule.de\/wpkgss\/wp-content\/uploads\/2024\/12\/DSC05840-300x200.jpg 300w, http:\/\/www.sebastianusschule.de\/wpkgss\/wp-content\/uploads\/2024\/12\/DSC05840-768x512.jpg 768w, http:\/\/www.sebastianusschule.de\/wpkgss\/wp-content\/uploads\/2024\/12\/DSC05840-1536x1024.jpg 1536w, http:\/\/www.sebastianusschule.de\/wpkgss\/wp-content\/uploads\/2024\/12\/DSC05840-2048x1365.jpg 2048w\" sizes=\"(max-width: 1024px) 100vw, 1024px\" \/>\t\t\t\t\t\t\t\t\t\t\t\t\t\t\t<\/div>\n\t\t\t\t<\/div>\n\t\t\t\t\t<\/div>\n\t\t<\/div>\n\t\t\t\t<div class=\"elementor-column elementor-col-33 elementor-top-column elementor-element elementor-element-867e8d6\" data-id=\"867e8d6\" data-element_type=\"column\">\n\t\t\t<div class=\"elementor-widget-wrap elementor-element-populated\">\n\t\t\t\t\t\t\t\t<div class=\"elementor-element elementor-element-06e0bf8 elementor-widget elementor-widget-image\" data-id=\"06e0bf8\" data-element_type=\"widget\" data-widget_type=\"image.default\">\n\t\t\t\t<div class=\"elementor-widget-container\">\n\t\t\t\t\t\t\t\t\t\t\t\t\t\t\t<img decoding=\"async\" loading=\"lazy\" width=\"1024\" height=\"683\" src=\"http:\/\/www.sebastianusschule.de\/wpkgss\/wp-content\/uploads\/2024\/12\/DSC05876-1024x683.jpg\" class=\"attachment-large size-large wp-image-4800\" alt=\"\" srcset=\"http:\/\/www.sebastianusschule.de\/wpkgss\/wp-content\/uploads\/2024\/12\/DSC05876-1024x683.jpg 1024w, http:\/\/www.sebastianusschule.de\/wpkgss\/wp-content\/uploads\/2024\/12\/DSC05876-300x200.jpg 300w, http:\/\/www.sebastianusschule.de\/wpkgss\/wp-content\/uploads\/2024\/12\/DSC05876-768x512.jpg 768w, http:\/\/www.sebastianusschule.de\/wpkgss\/wp-content\/uploads\/2024\/12\/DSC05876-1536x1024.jpg 1536w, http:\/\/www.sebastianusschule.de\/wpkgss\/wp-content\/uploads\/2024\/12\/DSC05876-2048x1365.jpg 2048w\" sizes=\"(max-width: 1024px) 100vw, 1024px\" \/>\t\t\t\t\t\t\t\t\t\t\t\t\t\t\t<\/div>\n\t\t\t\t<\/div>\n\t\t\t\t\t<\/div>\n\t\t<\/div>\n\t\t\t\t\t\t\t<\/div>\n\t\t<\/section>\n\t\t\t\t<section class=\"elementor-section elementor-top-section elementor-element elementor-element-8f7760a elementor-section-boxed elementor-section-height-default elementor-section-height-default\" data-id=\"8f7760a\" data-element_type=\"section\">\n\t\t\t\t\t\t<div class=\"elementor-container elementor-column-gap-default\">\n\t\t\t\t\t<div class=\"elementor-column elementor-col-100 elementor-top-column elementor-element elementor-element-d5d1190\" data-id=\"d5d1190\" data-element_type=\"column\">\n\t\t\t<div class=\"elementor-widget-wrap elementor-element-populated\">\n\t\t\t\t\t\t\t\t<div class=\"elementor-element elementor-element-9c7f456 elementor-widget elementor-widget-text-editor\" data-id=\"9c7f456\" data-element_type=\"widget\" data-widget_type=\"text-editor.default\">\n\t\t\t\t<div class=\"elementor-widget-container\">\n\t\t\t\t\t\t\t<p>Die Freude am Gesang war h\u00f6rbar und sp\u00fcrbar, als die Kinder ihre Lieder darboten. Die Eltern sowie die \u00fcbrigen Zuschauer*innen spendeten begeistert Applaus. Auf die Frage von Herrn Nehr, der die Veranstaltung f\u00fcr die ARGE moderierte, ob die Kinder im kommenden Jahr wieder dabei sein w\u00fcrden, antworteten sie mit einem lauten JA im Chor. Vom Weihnachtsmann bekam jedes Kind S\u00fc\u00dfigkeiten geschenkt. Au\u00dferdem durften alle mit \u201eGrinch\u201c und seinem Weihnachtstraktor eine Runde durch die Stadt fahren.<\/p>\t\t\t\t\t\t<\/div>\n\t\t\t\t<\/div>\n\t\t\t\t\t<\/div>\n\t\t<\/div>\n\t\t\t\t\t\t\t<\/div>\n\t\t<\/section>\n\t\t\t\t\t\t\t<\/div>\n\t\t","protected":false},"excerpt":{"rendered":"<p>Eingeladen von der ARGE Arbeitsgemeinschaft W\u00fcrselen trafen sich bei klirrender K\u00e4lte am 14. Dezember 38 Kinder unserer Schule, um am Weihnachtssingen der Stadt teilzunehmen. Der Regen machte gl\u00fccklicherweise eine ausreichend lange Pause. Der \u201eProjektchor\u201c aus den von ihren Eltern angemeldeten Kindern studierte hierzu unter der Leitung von Frau Goerenz im Vorfeld ein kleines Repertoire an [&hellip;]<\/p>\n","protected":false},"author":6,"featured_media":0,"comment_status":"closed","ping_status":"closed","sticky":false,"template":"","format":"standard","meta":{"footnotes":""},"categories":[1],"tags":[],"_links":{"self":[{"href":"http:\/\/www.sebastianusschule.de\/wpkgss\/wp-json\/wp\/v2\/posts\/4796"}],"collection":[{"href":"http:\/\/www.sebastianusschule.de\/wpkgss\/wp-json\/wp\/v2\/posts"}],"about":[{"href":"http:\/\/www.sebastianusschule.de\/wpkgss\/wp-json\/wp\/v2\/types\/post"}],"author":[{"embeddable":true,"href":"http:\/\/www.sebastianusschule.de\/wpkgss\/wp-json\/wp\/v2\/users\/6"}],"replies":[{"embeddable":true,"href":"http:\/\/www.sebastianusschule.de\/wpkgss\/wp-json\/wp\/v2\/comments?post=4796"}],"version-history":[{"count":4,"href":"http:\/\/www.sebastianusschule.de\/wpkgss\/wp-json\/wp\/v2\/posts\/4796\/revisions"}],"predecessor-version":[{"id":4803,"href":"http:\/\/www.sebastianusschule.de\/wpkgss\/wp-json\/wp\/v2\/posts\/4796\/revisions\/4803"}],"wp:attachment":[{"href":"http:\/\/www.sebastianusschule.de\/wpkgss\/wp-json\/wp\/v2\/media?parent=4796"}],"wp:term":[{"taxonomy":"category","embeddable":true,"href":"http:\/\/www.sebastianusschule.de\/wpkgss\/wp-json\/wp\/v2\/categories?post=4796"},{"taxonomy":"post_tag","embeddable":true,"href":"http:\/\/www.sebastianusschule.de\/wpkgss\/wp-json\/wp\/v2\/tags?post=4796"}],"curies":[{"name":"wp","href":"https:\/\/api.w.org\/{rel}","templated":true}]}}