{"id":4370,"date":"2024-07-08T11:16:16","date_gmt":"2024-07-08T09:16:16","guid":{"rendered":"https:\/\/www.sebastianusschule.de\/wpkgss\/?p=4370"},"modified":"2024-07-08T11:18:27","modified_gmt":"2024-07-08T09:18:27","slug":"sommerferiengruesse-aus-der-sebastianusschule","status":"publish","type":"post","link":"http:\/\/www.sebastianusschule.de\/wpkgss\/sommerferiengruesse-aus-der-sebastianusschule\/","title":{"rendered":"Sommerferiengr\u00fc\u00dfe aus der Sebastianusschule"},"content":{"rendered":"\t\t<div data-elementor-type=\"wp-post\" data-elementor-id=\"4370\" class=\"elementor elementor-4370\">\n\t\t\t\t\t\t\t\t\t<section class=\"elementor-section elementor-top-section elementor-element elementor-element-b104c99 elementor-section-boxed elementor-section-height-default elementor-section-height-default\" data-id=\"b104c99\" data-element_type=\"section\">\n\t\t\t\t\t\t<div class=\"elementor-container elementor-column-gap-default\">\n\t\t\t\t\t<div class=\"elementor-column elementor-col-50 elementor-top-column elementor-element elementor-element-974874f\" data-id=\"974874f\" data-element_type=\"column\">\n\t\t\t<div class=\"elementor-widget-wrap elementor-element-populated\">\n\t\t\t\t\t\t\t\t<div class=\"elementor-element elementor-element-e50eaef elementor-widget elementor-widget-image\" data-id=\"e50eaef\" data-element_type=\"widget\" data-widget_type=\"image.default\">\n\t\t\t\t<div class=\"elementor-widget-container\">\n\t\t\t\t\t\t\t\t\t\t\t\t\t\t\t<img decoding=\"async\" loading=\"lazy\" width=\"1024\" height=\"768\" src=\"http:\/\/www.sebastianusschule.de\/wpkgss\/wp-content\/uploads\/2024\/07\/IMG_7245-1024x768.jpg\" class=\"attachment-large size-large wp-image-4372\" alt=\"\" srcset=\"http:\/\/www.sebastianusschule.de\/wpkgss\/wp-content\/uploads\/2024\/07\/IMG_7245-1024x768.jpg 1024w, http:\/\/www.sebastianusschule.de\/wpkgss\/wp-content\/uploads\/2024\/07\/IMG_7245-300x225.jpg 300w, http:\/\/www.sebastianusschule.de\/wpkgss\/wp-content\/uploads\/2024\/07\/IMG_7245-768x576.jpg 768w, http:\/\/www.sebastianusschule.de\/wpkgss\/wp-content\/uploads\/2024\/07\/IMG_7245-1536x1152.jpg 1536w, http:\/\/www.sebastianusschule.de\/wpkgss\/wp-content\/uploads\/2024\/07\/IMG_7245-2048x1536.jpg 2048w\" sizes=\"(max-width: 1024px) 100vw, 1024px\" \/>\t\t\t\t\t\t\t\t\t\t\t\t\t\t\t<\/div>\n\t\t\t\t<\/div>\n\t\t\t\t\t<\/div>\n\t\t<\/div>\n\t\t\t\t<div class=\"elementor-column elementor-col-50 elementor-top-column elementor-element elementor-element-1ef746a\" data-id=\"1ef746a\" data-element_type=\"column\">\n\t\t\t<div class=\"elementor-widget-wrap elementor-element-populated\">\n\t\t\t\t\t\t\t\t<div class=\"elementor-element elementor-element-8915751 elementor-widget elementor-widget-text-editor\" data-id=\"8915751\" data-element_type=\"widget\" data-widget_type=\"text-editor.default\">\n\t\t\t\t<div class=\"elementor-widget-container\">\n\t\t\t\t\t\t\t<p>Wir w\u00fcnschen Ihnen und Ihrer ganzen Familie eine <strong>erholsame, sch\u00f6ne und erlebnisreiche Ferienzeit<\/strong>.<\/p><p>Wir verabschieden uns von den Sch\u00fcler*innen, und Eltern unserer 4. Klassen. Herzlichen Dank f\u00fcr die gute Zusammenarbeit, Ihr Engagement und Ihren Einsatz f\u00fcr unsere Schule, Ihre Unterst\u00fctzung bei Klassenfesten, Ausfl\u00fcgen etc.. Unseren Sch\u00fcler*innen w\u00fcnsche ich einen guten Start f\u00fcr eine erfolgreiche Zeit in den weiterf\u00fchrenden Schulen.\u00a0 Wir freuen uns \u00fcber jeden Besuch.<\/p><p>Bis dahin \u2013 eine sch\u00f6ne Urlaubszeit, viel Erholung bei sch\u00f6nem Wetter!<\/p><p>Das Team der Sebastinausschule<\/p>\t\t\t\t\t\t<\/div>\n\t\t\t\t<\/div>\n\t\t\t\t\t<\/div>\n\t\t<\/div>\n\t\t\t\t\t\t\t<\/div>\n\t\t<\/section>\n\t\t\t\t\t\t\t<\/div>\n\t\t","protected":false},"excerpt":{"rendered":"<p>Wir w\u00fcnschen Ihnen und Ihrer ganzen Familie eine erholsame, sch\u00f6ne und erlebnisreiche Ferienzeit. Wir verabschieden uns von den Sch\u00fcler*innen, und Eltern unserer 4. Klassen. Herzlichen Dank f\u00fcr die gute Zusammenarbeit, Ihr Engagement und Ihren Einsatz f\u00fcr unsere Schule, Ihre Unterst\u00fctzung bei Klassenfesten, Ausfl\u00fcgen etc.. Unseren Sch\u00fcler*innen w\u00fcnsche ich einen guten Start f\u00fcr eine erfolgreiche Zeit [&hellip;]<\/p>\n","protected":false},"author":6,"featured_media":0,"comment_status":"closed","ping_status":"closed","sticky":false,"template":"","format":"standard","meta":{"footnotes":""},"categories":[1],"tags":[],"_links":{"self":[{"href":"http:\/\/www.sebastianusschule.de\/wpkgss\/wp-json\/wp\/v2\/posts\/4370"}],"collection":[{"href":"http:\/\/www.sebastianusschule.de\/wpkgss\/wp-json\/wp\/v2\/posts"}],"about":[{"href":"http:\/\/www.sebastianusschule.de\/wpkgss\/wp-json\/wp\/v2\/types\/post"}],"author":[{"embeddable":true,"href":"http:\/\/www.sebastianusschule.de\/wpkgss\/wp-json\/wp\/v2\/users\/6"}],"replies":[{"embeddable":true,"href":"http:\/\/www.sebastianusschule.de\/wpkgss\/wp-json\/wp\/v2\/comments?post=4370"}],"version-history":[{"count":4,"href":"http:\/\/www.sebastianusschule.de\/wpkgss\/wp-json\/wp\/v2\/posts\/4370\/revisions"}],"predecessor-version":[{"id":4375,"href":"http:\/\/www.sebastianusschule.de\/wpkgss\/wp-json\/wp\/v2\/posts\/4370\/revisions\/4375"}],"wp:attachment":[{"href":"http:\/\/www.sebastianusschule.de\/wpkgss\/wp-json\/wp\/v2\/media?parent=4370"}],"wp:term":[{"taxonomy":"category","embeddable":true,"href":"http:\/\/www.sebastianusschule.de\/wpkgss\/wp-json\/wp\/v2\/categories?post=4370"},{"taxonomy":"post_tag","embeddable":true,"href":"http:\/\/www.sebastianusschule.de\/wpkgss\/wp-json\/wp\/v2\/tags?post=4370"}],"curies":[{"name":"wp","href":"https:\/\/api.w.org\/{rel}","templated":true}]}}