{"id":4359,"date":"2024-07-08T11:06:38","date_gmt":"2024-07-08T09:06:38","guid":{"rendered":"https:\/\/www.sebastianusschule.de\/wpkgss\/?p=4359"},"modified":"2024-07-08T11:13:01","modified_gmt":"2024-07-08T09:13:01","slug":"kultur-aktiv","status":"publish","type":"post","link":"http:\/\/www.sebastianusschule.de\/wpkgss\/kultur-aktiv\/","title":{"rendered":"KULTUR-AKTIV"},"content":{"rendered":"\t\t<div data-elementor-type=\"wp-post\" data-elementor-id=\"4359\" class=\"elementor elementor-4359\">\n\t\t\t\t\t\t\t\t\t<section class=\"elementor-section elementor-top-section elementor-element elementor-element-da0e69c elementor-section-boxed elementor-section-height-default elementor-section-height-default\" data-id=\"da0e69c\" data-element_type=\"section\">\n\t\t\t\t\t\t<div class=\"elementor-container elementor-column-gap-default\">\n\t\t\t\t\t<div class=\"elementor-column elementor-col-100 elementor-top-column elementor-element elementor-element-7f76005\" data-id=\"7f76005\" data-element_type=\"column\">\n\t\t\t<div class=\"elementor-widget-wrap elementor-element-populated\">\n\t\t\t\t\t\t\t\t<div class=\"elementor-element elementor-element-842b090 elementor-widget elementor-widget-text-editor\" data-id=\"842b090\" data-element_type=\"widget\" data-widget_type=\"text-editor.default\">\n\t\t\t\t<div class=\"elementor-widget-container\">\n\t\t\t\t\t\t\t<p>Das Team der Sebastianusschule hatte erstmalig zu einer kulturaktiven Premiere mit vielen aktiven Kindern zum Zuschauen und Genie\u00dfen, Mitmachen, Ausprobieren und zum gemeinsamen Austausch am Ende eines erfolgreichen Schuljahres eingeladen.<\/p><p>184 Menschen hatten sich \u2013 zus\u00e4tzlich zu den aktiven Teilnehmer*innen \u2013 angemeldet und waren am Ende sehr beeindruckt, wie folgenden R\u00fcckmeldungen zeigen:<\/p>\t\t\t\t\t\t<\/div>\n\t\t\t\t<\/div>\n\t\t\t\t\t<\/div>\n\t\t<\/div>\n\t\t\t\t\t\t\t<\/div>\n\t\t<\/section>\n\t\t\t\t<section class=\"elementor-section elementor-top-section elementor-element elementor-element-dd63cea elementor-section-boxed elementor-section-height-default elementor-section-height-default\" data-id=\"dd63cea\" data-element_type=\"section\">\n\t\t\t\t\t\t<div class=\"elementor-container elementor-column-gap-default\">\n\t\t\t\t\t<div class=\"elementor-column elementor-col-100 elementor-top-column elementor-element elementor-element-0c781af\" data-id=\"0c781af\" data-element_type=\"column\">\n\t\t\t<div class=\"elementor-widget-wrap elementor-element-populated\">\n\t\t\t\t\t\t\t\t<div class=\"elementor-element elementor-element-fdd1635 elementor-widget elementor-widget-text-editor\" data-id=\"fdd1635\" data-element_type=\"widget\" data-widget_type=\"text-editor.default\">\n\t\t\t\t<div class=\"elementor-widget-container\">\n\t\t\t\t\t\t\t<p><em>Die heutige Kultur-Veranstaltung war wirklich gro\u00dfartig! So ein vielf\u00e4ltiges und kurzweiliges Programm, beeindruckende Kinder und Auff\u00fchrungen! DANKE f\u00fcr die Einladung!<\/em><\/p>\t\t\t\t\t\t<\/div>\n\t\t\t\t<\/div>\n\t\t\t\t\t<\/div>\n\t\t<\/div>\n\t\t\t\t\t\t\t<\/div>\n\t\t<\/section>\n\t\t\t\t<section class=\"elementor-section elementor-top-section elementor-element elementor-element-e27a5d3 elementor-section-boxed elementor-section-height-default elementor-section-height-default\" data-id=\"e27a5d3\" data-element_type=\"section\">\n\t\t\t\t\t\t<div class=\"elementor-container elementor-column-gap-default\">\n\t\t\t\t\t<div class=\"elementor-column elementor-col-100 elementor-top-column elementor-element elementor-element-7d0b57c\" data-id=\"7d0b57c\" data-element_type=\"column\">\n\t\t\t<div class=\"elementor-widget-wrap elementor-element-populated\">\n\t\t\t\t\t\t\t\t<div class=\"elementor-element elementor-element-6ca2dc4 elementor-widget elementor-widget-text-editor\" data-id=\"6ca2dc4\" data-element_type=\"widget\" data-widget_type=\"text-editor.default\">\n\t\t\t\t<div class=\"elementor-widget-container\">\n\t\t\t\t\t\t\t<p><em>Ich wollte Ihnen gerne noch zur\u00fcckmelden, dass der Kulturnachmittag mehr als gelungen war. \ud83d\ude42 Eine tolle Veranstaltung. Man konnte sehen, wie stolz alle Kinder waren, was sie tolles gelernt haben.<\/em><\/p>\t\t\t\t\t\t<\/div>\n\t\t\t\t<\/div>\n\t\t\t\t\t<\/div>\n\t\t<\/div>\n\t\t\t\t\t\t\t<\/div>\n\t\t<\/section>\n\t\t\t\t<section class=\"elementor-section elementor-top-section elementor-element elementor-element-1cef382 elementor-section-boxed elementor-section-height-default elementor-section-height-default\" data-id=\"1cef382\" data-element_type=\"section\">\n\t\t\t\t\t\t<div class=\"elementor-container elementor-column-gap-default\">\n\t\t\t\t\t<div class=\"elementor-column elementor-col-100 elementor-top-column elementor-element elementor-element-427febc\" data-id=\"427febc\" data-element_type=\"column\">\n\t\t\t<div class=\"elementor-widget-wrap elementor-element-populated\">\n\t\t\t\t\t\t\t\t<div class=\"elementor-element elementor-element-98d7ee2 elementor-widget elementor-widget-text-editor\" data-id=\"98d7ee2\" data-element_type=\"widget\" data-widget_type=\"text-editor.default\">\n\t\t\t\t<div class=\"elementor-widget-container\">\n\t\t\t\t\t\t\t<p><em>Ich war enorm beeindruckt, mit welch hohem Engagement und auch Hochachtung das gesamte Team mit den Kindern arbeitet. Es war f\u00fcr mich begeisternd, was alles auf die Beine gestellt wird.<\/em><\/p>\t\t\t\t\t\t<\/div>\n\t\t\t\t<\/div>\n\t\t\t\t\t<\/div>\n\t\t<\/div>\n\t\t\t\t\t\t\t<\/div>\n\t\t<\/section>\n\t\t\t\t<section class=\"elementor-section elementor-top-section elementor-element elementor-element-e5dba4e elementor-section-boxed elementor-section-height-default elementor-section-height-default\" data-id=\"e5dba4e\" data-element_type=\"section\">\n\t\t\t\t\t\t<div class=\"elementor-container elementor-column-gap-default\">\n\t\t\t\t\t<div class=\"elementor-column elementor-col-100 elementor-top-column elementor-element elementor-element-f0771de\" data-id=\"f0771de\" data-element_type=\"column\">\n\t\t\t<div class=\"elementor-widget-wrap elementor-element-populated\">\n\t\t\t\t\t\t\t\t<div class=\"elementor-element elementor-element-8ba4916 elementor-widget elementor-widget-text-editor\" data-id=\"8ba4916\" data-element_type=\"widget\" data-widget_type=\"text-editor.default\">\n\t\t\t\t<div class=\"elementor-widget-container\">\n\t\t\t\t\t\t\t<p>Der Nachmittag startete zun\u00e4chst mit einem B\u00fchnenprogramm in der benachbarten Aula des Gymnasiums. Nach der Begr\u00fc\u00dfung durch Frau Drews pr\u00e4sentierten einige Arbeitsgemeinschaften auf sehr kurzweilige und unterhaltsame Weise einige Arbeitsergebnisse. Die Moderation \u00fcbernahmen nach der Begr\u00fc\u00dfung jeweils zwei Kinder aus den vierten Klassen, die nicht nur die Anmoderation \u00fcbernahmen, sondern auch informative Details einbauten.<\/p><p>Folgende Arbeitsgemeinschaften beteiligten sich:<\/p><ul><li>JEKISS \u2013 Chor unter der Leitung von Magdalena Thoma und mit Begleitung von Birgit Bre\u00dfeler und Kathy Goerenz<\/li><li>Spanisch AG unter der Leitung von Julia Hambloch und der Spielszene \u201eEisbestellung auf spnisch\u201c<\/li><li>Theater AG im Interview mit Dagmar Stienen und Annette K\u00f6rfer und dem Aufw\u00e4rmspiel und einer m\u00f6glichen Verabschiedung<\/li><li>Natur AG mit Vorstellung ausgew\u00e4hlter \u201eWeisheiten\u201c mit Marion Haag-Kill<\/li><li>Zauber AG mit magischen Momenten begeistert durch Britt Hermann<\/li><li>Tanz AG mit selbst\u00e4ndiger Vorf\u00fchrung, die im Tanzstudio Harst einge\u00fcbt wurde und von Cedric Bardenheuer begleitet wurde<\/li><li>Franz\u00f6sisch AG mit einer aktiven Bewegungseinheit &#8211; auch f\u00fcrs Publikum \u2013 und Weitergabe eines herzlichen MERCI an Menschen, die uns immer wieder unterst\u00fctzen<\/li><\/ul>\t\t\t\t\t\t<\/div>\n\t\t\t\t<\/div>\n\t\t\t\t\t<\/div>\n\t\t<\/div>\n\t\t\t\t\t\t\t<\/div>\n\t\t<\/section>\n\t\t\t\t<section class=\"elementor-section elementor-top-section elementor-element elementor-element-e2eb2ea elementor-section-boxed elementor-section-height-default elementor-section-height-default\" data-id=\"e2eb2ea\" data-element_type=\"section\">\n\t\t\t\t\t\t<div class=\"elementor-container elementor-column-gap-default\">\n\t\t\t\t\t<div class=\"elementor-column elementor-col-50 elementor-top-column elementor-element elementor-element-e6df093\" data-id=\"e6df093\" data-element_type=\"column\">\n\t\t\t<div class=\"elementor-widget-wrap elementor-element-populated\">\n\t\t\t\t\t\t\t\t<div class=\"elementor-element elementor-element-1f26572 elementor-widget elementor-widget-image\" data-id=\"1f26572\" data-element_type=\"widget\" data-widget_type=\"image.default\">\n\t\t\t\t<div class=\"elementor-widget-container\">\n\t\t\t\t\t\t\t\t\t\t\t\t\t\t\t<img decoding=\"async\" loading=\"lazy\" width=\"1024\" height=\"768\" src=\"http:\/\/www.sebastianusschule.de\/wpkgss\/wp-content\/uploads\/2024\/07\/IMG_3167-1024x768.jpeg\" class=\"attachment-large size-large wp-image-4362\" alt=\"\" srcset=\"http:\/\/www.sebastianusschule.de\/wpkgss\/wp-content\/uploads\/2024\/07\/IMG_3167-1024x768.jpeg 1024w, http:\/\/www.sebastianusschule.de\/wpkgss\/wp-content\/uploads\/2024\/07\/IMG_3167-300x225.jpeg 300w, http:\/\/www.sebastianusschule.de\/wpkgss\/wp-content\/uploads\/2024\/07\/IMG_3167-768x576.jpeg 768w, http:\/\/www.sebastianusschule.de\/wpkgss\/wp-content\/uploads\/2024\/07\/IMG_3167-1536x1152.jpeg 1536w, http:\/\/www.sebastianusschule.de\/wpkgss\/wp-content\/uploads\/2024\/07\/IMG_3167-2048x1536.jpeg 2048w\" sizes=\"(max-width: 1024px) 100vw, 1024px\" \/>\t\t\t\t\t\t\t\t\t\t\t\t\t\t\t<\/div>\n\t\t\t\t<\/div>\n\t\t\t\t\t<\/div>\n\t\t<\/div>\n\t\t\t\t<div class=\"elementor-column elementor-col-50 elementor-top-column elementor-element elementor-element-dde731f\" data-id=\"dde731f\" data-element_type=\"column\">\n\t\t\t<div class=\"elementor-widget-wrap elementor-element-populated\">\n\t\t\t\t\t\t\t\t<div class=\"elementor-element elementor-element-d615a6f elementor-widget elementor-widget-image\" data-id=\"d615a6f\" data-element_type=\"widget\" data-widget_type=\"image.default\">\n\t\t\t\t<div class=\"elementor-widget-container\">\n\t\t\t\t\t\t\t\t\t\t\t\t\t\t\t<img decoding=\"async\" loading=\"lazy\" width=\"1024\" height=\"768\" src=\"http:\/\/www.sebastianusschule.de\/wpkgss\/wp-content\/uploads\/2024\/07\/IMG_2396k-1024x768.jpg\" class=\"attachment-large size-large wp-image-4361\" alt=\"\" srcset=\"http:\/\/www.sebastianusschule.de\/wpkgss\/wp-content\/uploads\/2024\/07\/IMG_2396k-1024x768.jpg 1024w, http:\/\/www.sebastianusschule.de\/wpkgss\/wp-content\/uploads\/2024\/07\/IMG_2396k-300x225.jpg 300w, http:\/\/www.sebastianusschule.de\/wpkgss\/wp-content\/uploads\/2024\/07\/IMG_2396k-768x576.jpg 768w, http:\/\/www.sebastianusschule.de\/wpkgss\/wp-content\/uploads\/2024\/07\/IMG_2396k-1536x1152.jpg 1536w, http:\/\/www.sebastianusschule.de\/wpkgss\/wp-content\/uploads\/2024\/07\/IMG_2396k-2048x1536.jpg 2048w\" sizes=\"(max-width: 1024px) 100vw, 1024px\" \/>\t\t\t\t\t\t\t\t\t\t\t\t\t\t\t<\/div>\n\t\t\t\t<\/div>\n\t\t\t\t\t<\/div>\n\t\t<\/div>\n\t\t\t\t\t\t\t<\/div>\n\t\t<\/section>\n\t\t\t\t<section class=\"elementor-section elementor-top-section elementor-element elementor-element-d154773 elementor-section-boxed elementor-section-height-default elementor-section-height-default\" data-id=\"d154773\" data-element_type=\"section\">\n\t\t\t\t\t\t<div class=\"elementor-container elementor-column-gap-default\">\n\t\t\t\t\t<div class=\"elementor-column elementor-col-100 elementor-top-column elementor-element elementor-element-84244e1\" data-id=\"84244e1\" data-element_type=\"column\">\n\t\t\t<div class=\"elementor-widget-wrap elementor-element-populated\">\n\t\t\t\t\t\t\t\t<div class=\"elementor-element elementor-element-62d5543 elementor-widget elementor-widget-text-editor\" data-id=\"62d5543\" data-element_type=\"widget\" data-widget_type=\"text-editor.default\">\n\t\t\t\t<div class=\"elementor-widget-container\">\n\t\t\t\t\t\t\t<p>Nach dem B\u00fchnenprogramm, das durch die Beamerpr\u00e4sentation von Christian Keller noch lebendiger wurde, waren alle eingeladen rund um das Forum Mitmachangebote der \u00fcbrigen Arbeitsgemeinschaften zu erproben, Ausstellungen zu w\u00fcrdigen oder im gemeinsamen Austausch den Nachmittag ausklingen zu lassen.<\/p>\t\t\t\t\t\t<\/div>\n\t\t\t\t<\/div>\n\t\t\t\t\t<\/div>\n\t\t<\/div>\n\t\t\t\t\t\t\t<\/div>\n\t\t<\/section>\n\t\t\t\t<section class=\"elementor-section elementor-top-section elementor-element elementor-element-33daf24 elementor-section-boxed elementor-section-height-default elementor-section-height-default\" data-id=\"33daf24\" data-element_type=\"section\">\n\t\t\t\t\t\t<div class=\"elementor-container elementor-column-gap-default\">\n\t\t\t\t\t<div class=\"elementor-column elementor-col-25 elementor-top-column elementor-element elementor-element-db2ec39\" data-id=\"db2ec39\" data-element_type=\"column\">\n\t\t\t<div class=\"elementor-widget-wrap elementor-element-populated\">\n\t\t\t\t\t\t\t\t<div class=\"elementor-element elementor-element-272e2f4 elementor-widget elementor-widget-image\" data-id=\"272e2f4\" data-element_type=\"widget\" data-widget_type=\"image.default\">\n\t\t\t\t<div class=\"elementor-widget-container\">\n\t\t\t\t\t\t\t\t\t\t\t\t\t\t\t<img decoding=\"async\" loading=\"lazy\" width=\"768\" height=\"1024\" src=\"http:\/\/www.sebastianusschule.de\/wpkgss\/wp-content\/uploads\/2024\/07\/IMG_3168-768x1024.jpeg\" class=\"attachment-large size-large wp-image-4363\" alt=\"\" srcset=\"http:\/\/www.sebastianusschule.de\/wpkgss\/wp-content\/uploads\/2024\/07\/IMG_3168-768x1024.jpeg 768w, http:\/\/www.sebastianusschule.de\/wpkgss\/wp-content\/uploads\/2024\/07\/IMG_3168-225x300.jpeg 225w, http:\/\/www.sebastianusschule.de\/wpkgss\/wp-content\/uploads\/2024\/07\/IMG_3168-1152x1536.jpeg 1152w, http:\/\/www.sebastianusschule.de\/wpkgss\/wp-content\/uploads\/2024\/07\/IMG_3168-1536x2048.jpeg 1536w, http:\/\/www.sebastianusschule.de\/wpkgss\/wp-content\/uploads\/2024\/07\/IMG_3168-scaled.jpeg 1920w\" sizes=\"(max-width: 768px) 100vw, 768px\" \/>\t\t\t\t\t\t\t\t\t\t\t\t\t\t\t<\/div>\n\t\t\t\t<\/div>\n\t\t\t\t\t<\/div>\n\t\t<\/div>\n\t\t\t\t<div class=\"elementor-column elementor-col-25 elementor-top-column elementor-element elementor-element-7cc8dec\" data-id=\"7cc8dec\" data-element_type=\"column\">\n\t\t\t<div class=\"elementor-widget-wrap elementor-element-populated\">\n\t\t\t\t\t\t\t\t<div class=\"elementor-element elementor-element-28be35c elementor-widget elementor-widget-image\" data-id=\"28be35c\" data-element_type=\"widget\" data-widget_type=\"image.default\">\n\t\t\t\t<div class=\"elementor-widget-container\">\n\t\t\t\t\t\t\t\t\t\t\t\t\t\t\t<img decoding=\"async\" loading=\"lazy\" width=\"768\" height=\"1024\" src=\"http:\/\/www.sebastianusschule.de\/wpkgss\/wp-content\/uploads\/2024\/07\/IMG_2170-768x1024.jpeg\" class=\"attachment-large size-large wp-image-4360\" alt=\"\" srcset=\"http:\/\/www.sebastianusschule.de\/wpkgss\/wp-content\/uploads\/2024\/07\/IMG_2170-768x1024.jpeg 768w, http:\/\/www.sebastianusschule.de\/wpkgss\/wp-content\/uploads\/2024\/07\/IMG_2170-225x300.jpeg 225w, http:\/\/www.sebastianusschule.de\/wpkgss\/wp-content\/uploads\/2024\/07\/IMG_2170-1152x1536.jpeg 1152w, http:\/\/www.sebastianusschule.de\/wpkgss\/wp-content\/uploads\/2024\/07\/IMG_2170-1536x2048.jpeg 1536w, http:\/\/www.sebastianusschule.de\/wpkgss\/wp-content\/uploads\/2024\/07\/IMG_2170-scaled.jpeg 1920w\" sizes=\"(max-width: 768px) 100vw, 768px\" \/>\t\t\t\t\t\t\t\t\t\t\t\t\t\t\t<\/div>\n\t\t\t\t<\/div>\n\t\t\t\t\t<\/div>\n\t\t<\/div>\n\t\t\t\t<div class=\"elementor-column elementor-col-25 elementor-top-column elementor-element elementor-element-d9e088c\" data-id=\"d9e088c\" data-element_type=\"column\">\n\t\t\t<div class=\"elementor-widget-wrap elementor-element-populated\">\n\t\t\t\t\t\t\t\t<div class=\"elementor-element elementor-element-9715744 elementor-widget elementor-widget-image\" data-id=\"9715744\" data-element_type=\"widget\" data-widget_type=\"image.default\">\n\t\t\t\t<div class=\"elementor-widget-container\">\n\t\t\t\t\t\t\t\t\t\t\t\t\t\t\t<img decoding=\"async\" loading=\"lazy\" width=\"768\" height=\"1024\" src=\"http:\/\/www.sebastianusschule.de\/wpkgss\/wp-content\/uploads\/2024\/07\/IMG_3200-768x1024.jpeg\" class=\"attachment-large size-large wp-image-4366\" alt=\"\" srcset=\"http:\/\/www.sebastianusschule.de\/wpkgss\/wp-content\/uploads\/2024\/07\/IMG_3200-768x1024.jpeg 768w, http:\/\/www.sebastianusschule.de\/wpkgss\/wp-content\/uploads\/2024\/07\/IMG_3200-225x300.jpeg 225w, http:\/\/www.sebastianusschule.de\/wpkgss\/wp-content\/uploads\/2024\/07\/IMG_3200-1152x1536.jpeg 1152w, http:\/\/www.sebastianusschule.de\/wpkgss\/wp-content\/uploads\/2024\/07\/IMG_3200-1536x2048.jpeg 1536w, http:\/\/www.sebastianusschule.de\/wpkgss\/wp-content\/uploads\/2024\/07\/IMG_3200-scaled.jpeg 1920w\" sizes=\"(max-width: 768px) 100vw, 768px\" \/>\t\t\t\t\t\t\t\t\t\t\t\t\t\t\t<\/div>\n\t\t\t\t<\/div>\n\t\t\t\t\t<\/div>\n\t\t<\/div>\n\t\t\t\t<div class=\"elementor-column elementor-col-25 elementor-top-column elementor-element elementor-element-110fe23\" data-id=\"110fe23\" data-element_type=\"column\">\n\t\t\t<div class=\"elementor-widget-wrap elementor-element-populated\">\n\t\t\t\t\t\t\t\t<div class=\"elementor-element elementor-element-30b9e91 elementor-widget elementor-widget-image\" data-id=\"30b9e91\" data-element_type=\"widget\" data-widget_type=\"image.default\">\n\t\t\t\t<div class=\"elementor-widget-container\">\n\t\t\t\t\t\t\t\t\t\t\t\t\t\t\t<img decoding=\"async\" loading=\"lazy\" width=\"1024\" height=\"768\" src=\"http:\/\/www.sebastianusschule.de\/wpkgss\/wp-content\/uploads\/2024\/07\/IMG_3189-1024x768.jpeg\" class=\"attachment-large size-large wp-image-4364\" alt=\"\" srcset=\"http:\/\/www.sebastianusschule.de\/wpkgss\/wp-content\/uploads\/2024\/07\/IMG_3189-1024x768.jpeg 1024w, http:\/\/www.sebastianusschule.de\/wpkgss\/wp-content\/uploads\/2024\/07\/IMG_3189-300x225.jpeg 300w, http:\/\/www.sebastianusschule.de\/wpkgss\/wp-content\/uploads\/2024\/07\/IMG_3189-768x576.jpeg 768w, http:\/\/www.sebastianusschule.de\/wpkgss\/wp-content\/uploads\/2024\/07\/IMG_3189-1536x1152.jpeg 1536w, http:\/\/www.sebastianusschule.de\/wpkgss\/wp-content\/uploads\/2024\/07\/IMG_3189-2048x1536.jpeg 2048w\" sizes=\"(max-width: 1024px) 100vw, 1024px\" \/>\t\t\t\t\t\t\t\t\t\t\t\t\t\t\t<\/div>\n\t\t\t\t<\/div>\n\t\t\t\t\t<\/div>\n\t\t<\/div>\n\t\t\t\t\t\t\t<\/div>\n\t\t<\/section>\n\t\t\t\t<section class=\"elementor-section elementor-top-section elementor-element elementor-element-f54ac0d elementor-section-boxed elementor-section-height-default elementor-section-height-default\" data-id=\"f54ac0d\" data-element_type=\"section\">\n\t\t\t\t\t\t<div class=\"elementor-container elementor-column-gap-default\">\n\t\t\t\t\t<div class=\"elementor-column elementor-col-100 elementor-top-column elementor-element elementor-element-ca60ca2\" data-id=\"ca60ca2\" data-element_type=\"column\">\n\t\t\t<div class=\"elementor-widget-wrap elementor-element-populated\">\n\t\t\t\t\t\t\t\t<div class=\"elementor-element elementor-element-96d7f55 elementor-widget elementor-widget-text-editor\" data-id=\"96d7f55\" data-element_type=\"widget\" data-widget_type=\"text-editor.default\">\n\t\t\t\t<div class=\"elementor-widget-container\">\n\t\t\t\t\t\t\t<p>Organisiert, vorbereitet und geplant wurde dieser erfolgreiche Nachmittag von den Mitgliedern der Kultursteuergruppe: Susanne Reimann, Annette K\u00f6rfer, Dagmar Stienen und Susanne Drews.<\/p>\t\t\t\t\t\t<\/div>\n\t\t\t\t<\/div>\n\t\t\t\t\t<\/div>\n\t\t<\/div>\n\t\t\t\t\t\t\t<\/div>\n\t\t<\/section>\n\t\t\t\t\t\t\t<\/div>\n\t\t","protected":false},"excerpt":{"rendered":"<p>Das Team der Sebastianusschule hatte erstmalig zu einer kulturaktiven Premiere mit vielen aktiven Kindern zum Zuschauen und Genie\u00dfen, Mitmachen, Ausprobieren und zum gemeinsamen Austausch am Ende eines erfolgreichen Schuljahres eingeladen. 184 Menschen hatten sich \u2013 zus\u00e4tzlich zu den aktiven Teilnehmer*innen \u2013 angemeldet und waren am Ende sehr beeindruckt, wie folgenden R\u00fcckmeldungen zeigen: Die heutige Kultur-Veranstaltung [&hellip;]<\/p>\n","protected":false},"author":6,"featured_media":0,"comment_status":"closed","ping_status":"closed","sticky":false,"template":"","format":"standard","meta":{"footnotes":""},"categories":[1],"tags":[],"_links":{"self":[{"href":"http:\/\/www.sebastianusschule.de\/wpkgss\/wp-json\/wp\/v2\/posts\/4359"}],"collection":[{"href":"http:\/\/www.sebastianusschule.de\/wpkgss\/wp-json\/wp\/v2\/posts"}],"about":[{"href":"http:\/\/www.sebastianusschule.de\/wpkgss\/wp-json\/wp\/v2\/types\/post"}],"author":[{"embeddable":true,"href":"http:\/\/www.sebastianusschule.de\/wpkgss\/wp-json\/wp\/v2\/users\/6"}],"replies":[{"embeddable":true,"href":"http:\/\/www.sebastianusschule.de\/wpkgss\/wp-json\/wp\/v2\/comments?post=4359"}],"version-history":[{"count":3,"href":"http:\/\/www.sebastianusschule.de\/wpkgss\/wp-json\/wp\/v2\/posts\/4359\/revisions"}],"predecessor-version":[{"id":4369,"href":"http:\/\/www.sebastianusschule.de\/wpkgss\/wp-json\/wp\/v2\/posts\/4359\/revisions\/4369"}],"wp:attachment":[{"href":"http:\/\/www.sebastianusschule.de\/wpkgss\/wp-json\/wp\/v2\/media?parent=4359"}],"wp:term":[{"taxonomy":"category","embeddable":true,"href":"http:\/\/www.sebastianusschule.de\/wpkgss\/wp-json\/wp\/v2\/categories?post=4359"},{"taxonomy":"post_tag","embeddable":true,"href":"http:\/\/www.sebastianusschule.de\/wpkgss\/wp-json\/wp\/v2\/tags?post=4359"}],"curies":[{"name":"wp","href":"https:\/\/api.w.org\/{rel}","templated":true}]}}