{"id":4236,"date":"2024-06-05T17:17:50","date_gmt":"2024-06-05T15:17:50","guid":{"rendered":"https:\/\/www.sebastianusschule.de\/wpkgss\/?p=4236"},"modified":"2024-06-05T17:22:10","modified_gmt":"2024-06-05T15:22:10","slug":"ausflug-nach-aachen","status":"publish","type":"post","link":"http:\/\/www.sebastianusschule.de\/wpkgss\/ausflug-nach-aachen\/","title":{"rendered":"Ausflug nach Aachen"},"content":{"rendered":"\t\t<div data-elementor-type=\"wp-post\" data-elementor-id=\"4236\" class=\"elementor elementor-4236\">\n\t\t\t\t\t\t\t\t\t<section class=\"elementor-section elementor-top-section elementor-element elementor-element-9a13d09 elementor-section-boxed elementor-section-height-default elementor-section-height-default\" data-id=\"9a13d09\" data-element_type=\"section\">\n\t\t\t\t\t\t<div class=\"elementor-container elementor-column-gap-default\">\n\t\t\t\t\t<div class=\"elementor-column elementor-col-100 elementor-top-column elementor-element elementor-element-4e66e37\" data-id=\"4e66e37\" data-element_type=\"column\">\n\t\t\t<div class=\"elementor-widget-wrap elementor-element-populated\">\n\t\t\t\t\t\t\t\t<div class=\"elementor-element elementor-element-8e593d4 elementor-widget elementor-widget-heading\" data-id=\"8e593d4\" data-element_type=\"widget\" data-widget_type=\"heading.default\">\n\t\t\t\t<div class=\"elementor-widget-container\">\n\t\t\t<h2 class=\"elementor-heading-title elementor-size-default\">Auf den Spuren Karls des Gro\u00dfen<\/h2>\t\t<\/div>\n\t\t\t\t<\/div>\n\t\t\t\t\t<\/div>\n\t\t<\/div>\n\t\t\t\t\t\t\t<\/div>\n\t\t<\/section>\n\t\t\t\t<section class=\"elementor-section elementor-top-section elementor-element elementor-element-efc9183 elementor-section-boxed elementor-section-height-default elementor-section-height-default\" data-id=\"efc9183\" data-element_type=\"section\">\n\t\t\t\t\t\t<div class=\"elementor-container elementor-column-gap-default\">\n\t\t\t\t\t<div class=\"elementor-column elementor-col-50 elementor-top-column elementor-element elementor-element-52e7588\" data-id=\"52e7588\" data-element_type=\"column\">\n\t\t\t<div class=\"elementor-widget-wrap elementor-element-populated\">\n\t\t\t\t\t\t\t\t<div class=\"elementor-element elementor-element-a90c9d0 elementor-widget elementor-widget-text-editor\" data-id=\"a90c9d0\" data-element_type=\"widget\" data-widget_type=\"text-editor.default\">\n\t\t\t\t<div class=\"elementor-widget-container\">\n\t\t\t\t\t\t\t<p>Am 5.6. besuchten die Kinder der Zebraklasse bei nassem \u00d6cher Regenwetter die Kaiserstadt Aachen. <br \/>Beginnend am Elisenbrunnen, wo Mutige das Thermalwasser probierten, ging es durch den Elisengarten und am Bahkauv-Denkmal vorbei zum Hof mit den alten r\u00f6mischen S\u00e4ulen in der N\u00e4he der alten Thermenanlage.<\/p>\t\t\t\t\t\t<\/div>\n\t\t\t\t<\/div>\n\t\t\t\t\t<\/div>\n\t\t<\/div>\n\t\t\t\t<div class=\"elementor-column elementor-col-50 elementor-top-column elementor-element elementor-element-b331374\" data-id=\"b331374\" data-element_type=\"column\">\n\t\t\t<div class=\"elementor-widget-wrap elementor-element-populated\">\n\t\t\t\t\t\t\t\t<div class=\"elementor-element elementor-element-212d00b elementor-widget elementor-widget-image\" data-id=\"212d00b\" data-element_type=\"widget\" data-widget_type=\"image.default\">\n\t\t\t\t<div class=\"elementor-widget-container\">\n\t\t\t\t\t\t\t\t\t\t\t\t\t\t\t<img decoding=\"async\" loading=\"lazy\" width=\"225\" height=\"300\" src=\"http:\/\/www.sebastianusschule.de\/wpkgss\/wp-content\/uploads\/2024\/06\/IMG_2801-225x300.jpg\" class=\"attachment-medium size-medium wp-image-4238\" alt=\"\" srcset=\"http:\/\/www.sebastianusschule.de\/wpkgss\/wp-content\/uploads\/2024\/06\/IMG_2801-225x300.jpg 225w, http:\/\/www.sebastianusschule.de\/wpkgss\/wp-content\/uploads\/2024\/06\/IMG_2801-rotated.jpg 480w\" sizes=\"(max-width: 225px) 100vw, 225px\" \/>\t\t\t\t\t\t\t\t\t\t\t\t\t\t\t<\/div>\n\t\t\t\t<\/div>\n\t\t\t\t\t<\/div>\n\t\t<\/div>\n\t\t\t\t\t\t\t<\/div>\n\t\t<\/section>\n\t\t\t\t<section class=\"elementor-section elementor-top-section elementor-element elementor-element-ae09edc elementor-section-boxed elementor-section-height-default elementor-section-height-default\" data-id=\"ae09edc\" data-element_type=\"section\">\n\t\t\t\t\t\t<div class=\"elementor-container elementor-column-gap-default\">\n\t\t\t\t\t<div class=\"elementor-column elementor-col-100 elementor-top-column elementor-element elementor-element-5899efa\" data-id=\"5899efa\" data-element_type=\"column\">\n\t\t\t<div class=\"elementor-widget-wrap elementor-element-populated\">\n\t\t\t\t\t\t\t\t<div class=\"elementor-element elementor-element-88a57fc elementor-widget elementor-widget-text-editor\" data-id=\"88a57fc\" data-element_type=\"widget\" data-widget_type=\"text-editor.default\">\n\t\t\t\t<div class=\"elementor-widget-container\">\n\t\t\t\t\t\t\t<p>Nachdem die Klasse die Figuren des Puppenbrunnens bestaunt hatte, ging es zum Katschhof, wo sie gleichzeitig Dom und Rathaus betrachten konnten. \u00dcber den Marktplatz f\u00fchrte der Weg weiter zur Klappergasse, wo die Kinder der Sage von Mondulf und Gondulf lauschten. <br \/>Anschlie\u00dfend ertasteten die Kinder vorsichtig den Daumen des Teufels in der Bronzet\u00fcr des Doms und bestaunten bei einem Rundgang das Innere des M\u00fcnsters<br \/>Zum Abschluss durften sich die Kinder im alten Doml\u00e4dchen noch S\u00fc\u00dfigkeiten kaufen. <br \/>Trotz des schlechten Wetters war es f\u00fcr alle ein sch\u00f6ner Morgen in Aachen.<\/p>\t\t\t\t\t\t<\/div>\n\t\t\t\t<\/div>\n\t\t\t\t\t<\/div>\n\t\t<\/div>\n\t\t\t\t\t\t\t<\/div>\n\t\t<\/section>\n\t\t\t\t<section class=\"elementor-section elementor-top-section elementor-element elementor-element-6db93e4 elementor-section-boxed elementor-section-height-default elementor-section-height-default\" data-id=\"6db93e4\" data-element_type=\"section\">\n\t\t\t\t\t\t<div class=\"elementor-container elementor-column-gap-default\">\n\t\t\t\t\t<div class=\"elementor-column elementor-col-50 elementor-top-column elementor-element elementor-element-085ef78\" data-id=\"085ef78\" data-element_type=\"column\">\n\t\t\t<div class=\"elementor-widget-wrap elementor-element-populated\">\n\t\t\t\t\t\t\t\t<div class=\"elementor-element elementor-element-d068b83 elementor-widget elementor-widget-image\" data-id=\"d068b83\" data-element_type=\"widget\" data-widget_type=\"image.default\">\n\t\t\t\t<div class=\"elementor-widget-container\">\n\t\t\t\t\t\t\t\t\t\t\t\t\t\t\t<img decoding=\"async\" loading=\"lazy\" width=\"480\" height=\"640\" src=\"http:\/\/www.sebastianusschule.de\/wpkgss\/wp-content\/uploads\/2024\/06\/IMG_2819-rotated.jpg\" class=\"attachment-large size-large wp-image-4239\" alt=\"\" srcset=\"http:\/\/www.sebastianusschule.de\/wpkgss\/wp-content\/uploads\/2024\/06\/IMG_2819-rotated.jpg 480w, http:\/\/www.sebastianusschule.de\/wpkgss\/wp-content\/uploads\/2024\/06\/IMG_2819-225x300.jpg 225w\" sizes=\"(max-width: 480px) 100vw, 480px\" \/>\t\t\t\t\t\t\t\t\t\t\t\t\t\t\t<\/div>\n\t\t\t\t<\/div>\n\t\t\t\t\t<\/div>\n\t\t<\/div>\n\t\t\t\t<div class=\"elementor-column elementor-col-50 elementor-top-column elementor-element elementor-element-7142163\" data-id=\"7142163\" data-element_type=\"column\">\n\t\t\t<div class=\"elementor-widget-wrap elementor-element-populated\">\n\t\t\t\t\t\t\t\t<div class=\"elementor-element elementor-element-689e521 elementor-widget elementor-widget-image\" data-id=\"689e521\" data-element_type=\"widget\" data-widget_type=\"image.default\">\n\t\t\t\t<div class=\"elementor-widget-container\">\n\t\t\t\t\t\t\t\t\t\t\t\t\t\t\t<img decoding=\"async\" loading=\"lazy\" width=\"640\" height=\"480\" src=\"http:\/\/www.sebastianusschule.de\/wpkgss\/wp-content\/uploads\/2024\/06\/IMG_2815.jpg\" class=\"attachment-large size-large wp-image-4240\" alt=\"\" srcset=\"http:\/\/www.sebastianusschule.de\/wpkgss\/wp-content\/uploads\/2024\/06\/IMG_2815.jpg 640w, http:\/\/www.sebastianusschule.de\/wpkgss\/wp-content\/uploads\/2024\/06\/IMG_2815-300x225.jpg 300w\" sizes=\"(max-width: 640px) 100vw, 640px\" \/>\t\t\t\t\t\t\t\t\t\t\t\t\t\t\t<\/div>\n\t\t\t\t<\/div>\n\t\t\t\t\t<\/div>\n\t\t<\/div>\n\t\t\t\t\t\t\t<\/div>\n\t\t<\/section>\n\t\t\t\t\t\t\t<\/div>\n\t\t","protected":false},"excerpt":{"rendered":"<p>Auf den Spuren Karls des Gro\u00dfen Am 5.6. besuchten die Kinder der Zebraklasse bei nassem \u00d6cher Regenwetter die Kaiserstadt Aachen. Beginnend am Elisenbrunnen, wo Mutige das Thermalwasser probierten, ging es durch den Elisengarten und am Bahkauv-Denkmal vorbei zum Hof mit den alten r\u00f6mischen S\u00e4ulen in der N\u00e4he der alten Thermenanlage. Nachdem die Klasse die Figuren [&hellip;]<\/p>\n","protected":false},"author":6,"featured_media":0,"comment_status":"closed","ping_status":"closed","sticky":false,"template":"","format":"standard","meta":{"footnotes":""},"categories":[1],"tags":[],"_links":{"self":[{"href":"http:\/\/www.sebastianusschule.de\/wpkgss\/wp-json\/wp\/v2\/posts\/4236"}],"collection":[{"href":"http:\/\/www.sebastianusschule.de\/wpkgss\/wp-json\/wp\/v2\/posts"}],"about":[{"href":"http:\/\/www.sebastianusschule.de\/wpkgss\/wp-json\/wp\/v2\/types\/post"}],"author":[{"embeddable":true,"href":"http:\/\/www.sebastianusschule.de\/wpkgss\/wp-json\/wp\/v2\/users\/6"}],"replies":[{"embeddable":true,"href":"http:\/\/www.sebastianusschule.de\/wpkgss\/wp-json\/wp\/v2\/comments?post=4236"}],"version-history":[{"count":4,"href":"http:\/\/www.sebastianusschule.de\/wpkgss\/wp-json\/wp\/v2\/posts\/4236\/revisions"}],"predecessor-version":[{"id":4243,"href":"http:\/\/www.sebastianusschule.de\/wpkgss\/wp-json\/wp\/v2\/posts\/4236\/revisions\/4243"}],"wp:attachment":[{"href":"http:\/\/www.sebastianusschule.de\/wpkgss\/wp-json\/wp\/v2\/media?parent=4236"}],"wp:term":[{"taxonomy":"category","embeddable":true,"href":"http:\/\/www.sebastianusschule.de\/wpkgss\/wp-json\/wp\/v2\/categories?post=4236"},{"taxonomy":"post_tag","embeddable":true,"href":"http:\/\/www.sebastianusschule.de\/wpkgss\/wp-json\/wp\/v2\/tags?post=4236"}],"curies":[{"name":"wp","href":"https:\/\/api.w.org\/{rel}","templated":true}]}}