{"id":2974,"date":"2022-09-13T16:16:55","date_gmt":"2022-09-13T14:16:55","guid":{"rendered":"https:\/\/www.sebastianusschule.de\/wp_seb\/?p=2974"},"modified":"2022-09-13T16:29:41","modified_gmt":"2022-09-13T14:29:41","slug":"tag-der-kulturen-trifft-familientag","status":"publish","type":"post","link":"http:\/\/www.sebastianusschule.de\/wpkgss\/tag-der-kulturen-trifft-familientag\/","title":{"rendered":"Tag der Kulturen trifft Familientag"},"content":{"rendered":"\t\t<div data-elementor-type=\"wp-post\" data-elementor-id=\"2974\" class=\"elementor elementor-2974\">\n\t\t\t\t\t\t\t\t\t<section class=\"elementor-section elementor-top-section elementor-element elementor-element-f9b540d elementor-section-boxed elementor-section-height-default elementor-section-height-default\" data-id=\"f9b540d\" data-element_type=\"section\">\n\t\t\t\t\t\t<div class=\"elementor-container elementor-column-gap-default\">\n\t\t\t\t\t<div class=\"elementor-column elementor-col-50 elementor-top-column elementor-element elementor-element-4dcd7ab\" data-id=\"4dcd7ab\" data-element_type=\"column\">\n\t\t\t<div class=\"elementor-widget-wrap elementor-element-populated\">\n\t\t\t\t\t\t\t\t<div class=\"elementor-element elementor-element-66288b5 elementor-widget elementor-widget-heading\" data-id=\"66288b5\" data-element_type=\"widget\" data-widget_type=\"heading.default\">\n\t\t\t\t<div class=\"elementor-widget-container\">\n\t\t\t<h2 class=\"elementor-heading-title elementor-size-default\">11. September 2022<\/h2>\t\t<\/div>\n\t\t\t\t<\/div>\n\t\t\t\t\t<\/div>\n\t\t<\/div>\n\t\t\t\t<div class=\"elementor-column elementor-col-50 elementor-top-column elementor-element elementor-element-0d60f25\" data-id=\"0d60f25\" data-element_type=\"column\">\n\t\t\t<div class=\"elementor-widget-wrap elementor-element-populated\">\n\t\t\t\t\t\t\t\t<div class=\"elementor-element elementor-element-68d9e2d elementor-widget elementor-widget-image\" data-id=\"68d9e2d\" data-element_type=\"widget\" data-widget_type=\"image.default\">\n\t\t\t\t<div class=\"elementor-widget-container\">\n\t\t\t\t\t\t\t\t\t\t\t\t\t\t\t<img decoding=\"async\" loading=\"lazy\" width=\"150\" height=\"150\" src=\"http:\/\/www.sebastianusschule.de\/wpkgss\/wp-content\/uploads\/2022\/09\/Tag-der-Kultueren-150x150.png\" class=\"attachment-thumbnail size-thumbnail wp-image-2976\" alt=\"\" \/>\t\t\t\t\t\t\t\t\t\t\t\t\t\t\t<\/div>\n\t\t\t\t<\/div>\n\t\t\t\t\t<\/div>\n\t\t<\/div>\n\t\t\t\t\t\t\t<\/div>\n\t\t<\/section>\n\t\t\t\t<section class=\"elementor-section elementor-top-section elementor-element elementor-element-de7640a elementor-section-boxed elementor-section-height-default elementor-section-height-default\" data-id=\"de7640a\" data-element_type=\"section\">\n\t\t\t\t\t\t<div class=\"elementor-container elementor-column-gap-default\">\n\t\t\t\t\t<div class=\"elementor-column elementor-col-100 elementor-top-column elementor-element elementor-element-a8d80ad\" data-id=\"a8d80ad\" data-element_type=\"column\">\n\t\t\t<div class=\"elementor-widget-wrap elementor-element-populated\">\n\t\t\t\t\t\t\t\t<div class=\"elementor-element elementor-element-730bb07 elementor-widget elementor-widget-text-editor\" data-id=\"730bb07\" data-element_type=\"widget\" data-widget_type=\"text-editor.default\">\n\t\t\t\t<div class=\"elementor-widget-container\">\n\t\t\t\t\t\t\t<p>Das Wetter war den Veranstaltern, Teilnehmern und G\u00e4sten gut gesonnen: Bei strahlendem Wetter er\u00f6ffneten Pelin Yigit vom \u201eT\u00fcr\u00f6ffner\u201c und\u00a0 Nathalie Thome vom Jugendamt das Fest.<\/p>\n<p>In ihren gelben Schul-T-Shirts strahlten die Kinder der Sebastianusschule mit der Sonne um die Wette. Nicht zum ersten Mal, aber zum ersten Mal als frisch gegr\u00fcndeter Schulchor der Schule, trugen sie zum bunten Programm bei.<\/p>\n<p>Pelin Yigit k\u00fcndete den Chor sichtlich stolz als \u201eunsere Patenkinder\u201c an, sind doch die Sebastianusschule und der T\u00fcr\u00f6ffner seit der Ernennung zur \u201eSchule ohne Rassismus und mit Courage\u201c durch eine damit einhergehende Patenschaft eng miteinander verbunden.<\/p>\t\t\t\t\t\t<\/div>\n\t\t\t\t<\/div>\n\t\t\t\t\t<\/div>\n\t\t<\/div>\n\t\t\t\t\t\t\t<\/div>\n\t\t<\/section>\n\t\t\t\t<section class=\"elementor-section elementor-top-section elementor-element elementor-element-b7217fb elementor-section-boxed elementor-section-height-default elementor-section-height-default\" data-id=\"b7217fb\" data-element_type=\"section\">\n\t\t\t\t\t\t<div class=\"elementor-container elementor-column-gap-default\">\n\t\t\t\t\t<div class=\"elementor-column elementor-col-100 elementor-top-column elementor-element elementor-element-4e2e89d\" data-id=\"4e2e89d\" data-element_type=\"column\">\n\t\t\t<div class=\"elementor-widget-wrap elementor-element-populated\">\n\t\t\t\t\t\t\t\t<div class=\"elementor-element elementor-element-121e28d elementor-widget elementor-widget-image\" data-id=\"121e28d\" data-element_type=\"widget\" data-widget_type=\"image.default\">\n\t\t\t\t<div class=\"elementor-widget-container\">\n\t\t\t\t\t\t\t\t\t\t\t\t\t\t\t\t<a href=\"https:\/\/www.schule-ohne-rassismus.org\/\">\n\t\t\t\t\t\t\t<img decoding=\"async\" loading=\"lazy\" width=\"300\" height=\"133\" src=\"http:\/\/www.sebastianusschule.de\/wpkgss\/wp-content\/uploads\/2022\/07\/Schule-ohne-Rassismus-Schule-mit-Courage-300x133.png\" class=\"attachment-medium size-medium wp-image-2704\" alt=\"\" srcset=\"http:\/\/www.sebastianusschule.de\/wpkgss\/wp-content\/uploads\/2022\/07\/Schule-ohne-Rassismus-Schule-mit-Courage-300x133.png 300w, http:\/\/www.sebastianusschule.de\/wpkgss\/wp-content\/uploads\/2022\/07\/Schule-ohne-Rassismus-Schule-mit-Courage.png 324w\" sizes=\"(max-width: 300px) 100vw, 300px\" \/>\t\t\t\t\t\t\t\t<\/a>\n\t\t\t\t\t\t\t\t\t\t\t\t\t\t\t<\/div>\n\t\t\t\t<\/div>\n\t\t\t\t\t<\/div>\n\t\t<\/div>\n\t\t\t\t\t\t\t<\/div>\n\t\t<\/section>\n\t\t\t\t<section class=\"elementor-section elementor-top-section elementor-element elementor-element-dc86448 elementor-section-boxed elementor-section-height-default elementor-section-height-default\" data-id=\"dc86448\" data-element_type=\"section\">\n\t\t\t\t\t\t<div class=\"elementor-container elementor-column-gap-default\">\n\t\t\t\t\t<div class=\"elementor-column elementor-col-50 elementor-top-column elementor-element elementor-element-0ff666e\" data-id=\"0ff666e\" data-element_type=\"column\">\n\t\t\t<div class=\"elementor-widget-wrap elementor-element-populated\">\n\t\t\t\t\t\t\t\t<div class=\"elementor-element elementor-element-977c8c3 elementor-widget elementor-widget-image\" data-id=\"977c8c3\" data-element_type=\"widget\" data-widget_type=\"image.default\">\n\t\t\t\t<div class=\"elementor-widget-container\">\n\t\t\t\t\t\t\t\t\t\t\t\t\t\t\t<img decoding=\"async\" loading=\"lazy\" width=\"300\" height=\"234\" src=\"http:\/\/www.sebastianusschule.de\/wpkgss\/wp-content\/uploads\/2022\/09\/Tag-der-Kulturen-I-300x234.jpg\" class=\"attachment-medium size-medium wp-image-2977\" alt=\"\" srcset=\"http:\/\/www.sebastianusschule.de\/wpkgss\/wp-content\/uploads\/2022\/09\/Tag-der-Kulturen-I-300x234.jpg 300w, http:\/\/www.sebastianusschule.de\/wpkgss\/wp-content\/uploads\/2022\/09\/Tag-der-Kulturen-I-1024x798.jpg 1024w, http:\/\/www.sebastianusschule.de\/wpkgss\/wp-content\/uploads\/2022\/09\/Tag-der-Kulturen-I-768x599.jpg 768w, http:\/\/www.sebastianusschule.de\/wpkgss\/wp-content\/uploads\/2022\/09\/Tag-der-Kulturen-I.jpg 1044w\" sizes=\"(max-width: 300px) 100vw, 300px\" \/>\t\t\t\t\t\t\t\t\t\t\t\t\t\t\t<\/div>\n\t\t\t\t<\/div>\n\t\t\t\t\t<\/div>\n\t\t<\/div>\n\t\t\t\t<div class=\"elementor-column elementor-col-50 elementor-top-column elementor-element elementor-element-73c9a9f\" data-id=\"73c9a9f\" data-element_type=\"column\">\n\t\t\t<div class=\"elementor-widget-wrap elementor-element-populated\">\n\t\t\t\t\t\t\t\t<div class=\"elementor-element elementor-element-a6e72df elementor-widget elementor-widget-image\" data-id=\"a6e72df\" data-element_type=\"widget\" data-widget_type=\"image.default\">\n\t\t\t\t<div class=\"elementor-widget-container\">\n\t\t\t\t\t\t\t\t\t\t\t\t<figure class=\"wp-caption\">\n\t\t\t\t\t\t\t\t\t\t<img decoding=\"async\" loading=\"lazy\" width=\"300\" height=\"225\" src=\"http:\/\/www.sebastianusschule.de\/wpkgss\/wp-content\/uploads\/2022\/09\/Tag-der-Kulturen-II-300x225.jpg\" class=\"attachment-medium size-medium wp-image-2978\" alt=\"\" srcset=\"http:\/\/www.sebastianusschule.de\/wpkgss\/wp-content\/uploads\/2022\/09\/Tag-der-Kulturen-II-300x225.jpg 300w, http:\/\/www.sebastianusschule.de\/wpkgss\/wp-content\/uploads\/2022\/09\/Tag-der-Kulturen-II.jpg 697w\" sizes=\"(max-width: 300px) 100vw, 300px\" \/>\t\t\t\t\t\t\t\t\t\t\t<figcaption class=\"widget-image-caption wp-caption-text\">Niklas aus der 4c, Kate und Josefina aus der 3d moderierten gekonnt die Lieder des Sebastianuschores an.<\/figcaption>\n\t\t\t\t\t\t\t\t\t\t<\/figure>\n\t\t\t\t\t\t\t\t\t<\/div>\n\t\t\t\t<\/div>\n\t\t\t\t\t<\/div>\n\t\t<\/div>\n\t\t\t\t\t\t\t<\/div>\n\t\t<\/section>\n\t\t\t\t<section class=\"elementor-section elementor-top-section elementor-element elementor-element-a6adf34 elementor-section-boxed elementor-section-height-default elementor-section-height-default\" data-id=\"a6adf34\" data-element_type=\"section\">\n\t\t\t\t\t\t<div class=\"elementor-container elementor-column-gap-default\">\n\t\t\t\t\t<div class=\"elementor-column elementor-col-50 elementor-top-column elementor-element elementor-element-2e24aec\" data-id=\"2e24aec\" data-element_type=\"column\">\n\t\t\t<div class=\"elementor-widget-wrap elementor-element-populated\">\n\t\t\t\t\t\t\t\t<div class=\"elementor-element elementor-element-6ef053a elementor-widget elementor-widget-image\" data-id=\"6ef053a\" data-element_type=\"widget\" data-widget_type=\"image.default\">\n\t\t\t\t<div class=\"elementor-widget-container\">\n\t\t\t\t\t\t\t\t\t\t\t\t<figure class=\"wp-caption\">\n\t\t\t\t\t\t\t\t\t\t\t<a href=\"https:\/\/www.aachen.de\/de\/stadt_buerger\/bildung\/musikschule\/musikschule_neu\/bildungskooperationen\/JEKISS\/index.html\">\n\t\t\t\t\t\t\t<img decoding=\"async\" loading=\"lazy\" width=\"904\" height=\"262\" src=\"http:\/\/www.sebastianusschule.de\/wpkgss\/wp-content\/uploads\/2022\/09\/JeKISS.png\" class=\"attachment-large size-large wp-image-2979\" alt=\"\" srcset=\"http:\/\/www.sebastianusschule.de\/wpkgss\/wp-content\/uploads\/2022\/09\/JeKISS.png 904w, http:\/\/www.sebastianusschule.de\/wpkgss\/wp-content\/uploads\/2022\/09\/JeKISS-300x87.png 300w, http:\/\/www.sebastianusschule.de\/wpkgss\/wp-content\/uploads\/2022\/09\/JeKISS-768x223.png 768w\" sizes=\"(max-width: 904px) 100vw, 904px\" \/>\t\t\t\t\t\t\t\t<\/a>\n\t\t\t\t\t\t\t\t\t\t\t<figcaption class=\"widget-image-caption wp-caption-text\"><\/figcaption>\n\t\t\t\t\t\t\t\t\t\t<\/figure>\n\t\t\t\t\t\t\t\t\t<\/div>\n\t\t\t\t<\/div>\n\t\t\t\t\t<\/div>\n\t\t<\/div>\n\t\t\t\t<div class=\"elementor-column elementor-col-50 elementor-top-column elementor-element elementor-element-29412bb\" data-id=\"29412bb\" data-element_type=\"column\">\n\t\t\t<div class=\"elementor-widget-wrap elementor-element-populated\">\n\t\t\t\t\t\t\t\t<div class=\"elementor-element elementor-element-a633d72 elementor-widget elementor-widget-text-editor\" data-id=\"a633d72\" data-element_type=\"widget\" data-widget_type=\"text-editor.default\">\n\t\t\t\t<div class=\"elementor-widget-container\">\n\t\t\t\t\t\t\t<p>Frau Magdalena Thomas von der Musikschule Aachen\/ Programm JEKISS\u00a0 unterst\u00fctzte die Sch\u00fcler*innen aller vier Jahrg\u00e4nge auf der B\u00fchne mit\u00a0 ihrem elektronischen Klavier, Lehrerin Birgit Bre\u00dfeler bei der Pr\u00e4sentation der Lieder samt der dazu geh\u00f6renden\u00a0 Bewegungen.<\/p>\t\t\t\t\t\t<\/div>\n\t\t\t\t<\/div>\n\t\t\t\t\t<\/div>\n\t\t<\/div>\n\t\t\t\t\t\t\t<\/div>\n\t\t<\/section>\n\t\t\t\t<section class=\"elementor-section elementor-top-section elementor-element elementor-element-6546b79 elementor-section-boxed elementor-section-height-default elementor-section-height-default\" data-id=\"6546b79\" data-element_type=\"section\">\n\t\t\t\t\t\t<div class=\"elementor-container elementor-column-gap-default\">\n\t\t\t\t\t<div class=\"elementor-column elementor-col-100 elementor-top-column elementor-element elementor-element-5cb120d\" data-id=\"5cb120d\" data-element_type=\"column\">\n\t\t\t<div class=\"elementor-widget-wrap elementor-element-populated\">\n\t\t\t\t\t\t\t\t<div class=\"elementor-element elementor-element-f6ba5e4 elementor-widget elementor-widget-text-editor\" data-id=\"f6ba5e4\" data-element_type=\"widget\" data-widget_type=\"text-editor.default\">\n\t\t\t\t<div class=\"elementor-widget-container\">\n\t\t\t\t\t\t\t<p>Pr\u00e4sentiert wurden der Rap \u201eMir geht\u2019s gut\u2018 und die Lieder \u201eOb im Westen oder Osten\u201c und\u00a0 \u201eWir wollen Frieden f\u00fcr alle\u201c, letzteres in deutsch, englisch, hebr\u00e4isch und ukrainisch.<\/p>\n<p>Der Chor wurde f\u00fcr seinen Auftritt damit belohnt, dass das Publikum eifrig mitmachte und mehrfach kr\u00e4ftigen Applaus spendete.<\/p>\t\t\t\t\t\t<\/div>\n\t\t\t\t<\/div>\n\t\t\t\t\t<\/div>\n\t\t<\/div>\n\t\t\t\t\t\t\t<\/div>\n\t\t<\/section>\n\t\t\t\t\t\t\t<\/div>\n\t\t","protected":false},"excerpt":{"rendered":"<p>11. September 2022 Das Wetter war den Veranstaltern, Teilnehmern und G\u00e4sten gut gesonnen: Bei strahlendem Wetter er\u00f6ffneten Pelin Yigit vom \u201eT\u00fcr\u00f6ffner\u201c und\u00a0 Nathalie Thome vom Jugendamt das Fest. In ihren gelben Schul-T-Shirts strahlten die Kinder der Sebastianusschule mit der Sonne um die Wette. Nicht zum ersten Mal, aber zum ersten Mal als frisch gegr\u00fcndeter Schulchor [&hellip;]<\/p>\n","protected":false},"author":6,"featured_media":0,"comment_status":"closed","ping_status":"closed","sticky":false,"template":"","format":"standard","meta":{"footnotes":""},"categories":[1],"tags":[],"_links":{"self":[{"href":"http:\/\/www.sebastianusschule.de\/wpkgss\/wp-json\/wp\/v2\/posts\/2974"}],"collection":[{"href":"http:\/\/www.sebastianusschule.de\/wpkgss\/wp-json\/wp\/v2\/posts"}],"about":[{"href":"http:\/\/www.sebastianusschule.de\/wpkgss\/wp-json\/wp\/v2\/types\/post"}],"author":[{"embeddable":true,"href":"http:\/\/www.sebastianusschule.de\/wpkgss\/wp-json\/wp\/v2\/users\/6"}],"replies":[{"embeddable":true,"href":"http:\/\/www.sebastianusschule.de\/wpkgss\/wp-json\/wp\/v2\/comments?post=2974"}],"version-history":[{"count":19,"href":"http:\/\/www.sebastianusschule.de\/wpkgss\/wp-json\/wp\/v2\/posts\/2974\/revisions"}],"predecessor-version":[{"id":2997,"href":"http:\/\/www.sebastianusschule.de\/wpkgss\/wp-json\/wp\/v2\/posts\/2974\/revisions\/2997"}],"wp:attachment":[{"href":"http:\/\/www.sebastianusschule.de\/wpkgss\/wp-json\/wp\/v2\/media?parent=2974"}],"wp:term":[{"taxonomy":"category","embeddable":true,"href":"http:\/\/www.sebastianusschule.de\/wpkgss\/wp-json\/wp\/v2\/categories?post=2974"},{"taxonomy":"post_tag","embeddable":true,"href":"http:\/\/www.sebastianusschule.de\/wpkgss\/wp-json\/wp\/v2\/tags?post=2974"}],"curies":[{"name":"wp","href":"https:\/\/api.w.org\/{rel}","templated":true}]}}