{"id":2697,"date":"2022-06-24T18:32:51","date_gmt":"2022-06-24T16:32:51","guid":{"rendered":"http:\/\/www.sebastianusschule.de\/wp_seb\/?p=2697"},"modified":"2022-06-24T18:35:50","modified_gmt":"2022-06-24T16:35:50","slug":"sommerferiengruss-2","status":"publish","type":"post","link":"http:\/\/www.sebastianusschule.de\/wpkgss\/sommerferiengruss-2\/","title":{"rendered":"Sommerferiengru\u00df"},"content":{"rendered":"\t\t<div data-elementor-type=\"wp-post\" data-elementor-id=\"2697\" class=\"elementor elementor-2697\">\n\t\t\t\t\t\t\t\t\t<section class=\"elementor-section elementor-top-section elementor-element elementor-element-16ea42f elementor-section-boxed elementor-section-height-default elementor-section-height-default\" data-id=\"16ea42f\" data-element_type=\"section\">\n\t\t\t\t\t\t<div class=\"elementor-container elementor-column-gap-default\">\n\t\t\t\t\t<div class=\"elementor-column elementor-col-100 elementor-top-column elementor-element elementor-element-7927554\" data-id=\"7927554\" data-element_type=\"column\">\n\t\t\t<div class=\"elementor-widget-wrap elementor-element-populated\">\n\t\t\t\t\t\t\t\t<div class=\"elementor-element elementor-element-e31c786 elementor-widget elementor-widget-heading\" data-id=\"e31c786\" data-element_type=\"widget\" data-widget_type=\"heading.default\">\n\t\t\t\t<div class=\"elementor-widget-container\">\n\t\t\t<h2 class=\"elementor-heading-title elementor-size-default\">Sch\u00f6ne erholsame Sommerferien<\/h2>\t\t<\/div>\n\t\t\t\t<\/div>\n\t\t\t\t\t<\/div>\n\t\t<\/div>\n\t\t\t\t\t\t\t<\/div>\n\t\t<\/section>\n\t\t\t\t<section class=\"elementor-section elementor-top-section elementor-element elementor-element-759dd83 elementor-section-boxed elementor-section-height-default elementor-section-height-default\" data-id=\"759dd83\" data-element_type=\"section\">\n\t\t\t\t\t\t<div class=\"elementor-container elementor-column-gap-default\">\n\t\t\t\t\t<div class=\"elementor-column elementor-col-50 elementor-top-column elementor-element elementor-element-e9491b4\" data-id=\"e9491b4\" data-element_type=\"column\">\n\t\t\t<div class=\"elementor-widget-wrap elementor-element-populated\">\n\t\t\t\t\t\t\t\t<div class=\"elementor-element elementor-element-27ddb28 elementor-widget elementor-widget-text-editor\" data-id=\"27ddb28\" data-element_type=\"widget\" data-widget_type=\"text-editor.default\">\n\t\t\t\t<div class=\"elementor-widget-container\">\n\t\t\t\t\t\t\t<p>Liebe Kinder und Eltern der Sebastianusschule,<\/p><p>das n\u00e4chste au\u00dfergew\u00f6hnliche Schuljahr geht heute zu Ende, dass uns und Sie alle wieder vor gro\u00dfe Herausforderungen gestellt hat. Wir m\u00f6chten Ihnen gerne danken f\u00fcr das gemeinsame Bew\u00e4ltigen der schulischen Herausforderungen dieser Zeit in einem guten Miteinander, in Verst\u00e4ndnis und R\u00fccksichtnahme, in Spontanit\u00e4t und Geduld. Ohne den R\u00fcckhalt von zu Hause h\u00e4tten wir diese Zeit nicht meistern k\u00f6nnen.<\/p><p>Unseren Viertkl\u00e4sslern m\u00f6chten wir auf diesem Weg auch noch einmal alles erdenklich Gute f\u00fcr ihren Start an der weiterf\u00fchrenden Schule w\u00fcnschen. Euch stehen die T\u00fcren der Sebastianusschule immer offen und wir freuen uns schon sehr auf eure Besuche in den kommenden Jahren.<\/p><p>Wir w\u00fcnschen Ihnen und Euch erholsame und sch\u00f6ne Ferien, passen Sie auf sich auf und bleiben Sie gesund! Wir freuen uns auf ein wiedersehen nach den Ferien.<\/p>\t\t\t\t\t\t<\/div>\n\t\t\t\t<\/div>\n\t\t\t\t\t<\/div>\n\t\t<\/div>\n\t\t\t\t<div class=\"elementor-column elementor-col-50 elementor-top-column elementor-element elementor-element-667b2e4\" data-id=\"667b2e4\" data-element_type=\"column\">\n\t\t\t<div class=\"elementor-widget-wrap elementor-element-populated\">\n\t\t\t\t\t\t\t\t<div class=\"elementor-element elementor-element-eb09054 elementor-widget elementor-widget-image\" data-id=\"eb09054\" data-element_type=\"widget\" data-widget_type=\"image.default\">\n\t\t\t\t<div class=\"elementor-widget-container\">\n\t\t\t\t\t\t\t\t\t\t\t\t\t\t\t<img decoding=\"async\" loading=\"lazy\" width=\"768\" height=\"1024\" src=\"http:\/\/www.sebastianusschule.de\/wpkgss\/wp-content\/uploads\/2022\/06\/IMG_0759-768x1024.jpg\" class=\"attachment-large size-large wp-image-2690\" alt=\"\" srcset=\"http:\/\/www.sebastianusschule.de\/wpkgss\/wp-content\/uploads\/2022\/06\/IMG_0759-768x1024.jpg 768w, http:\/\/www.sebastianusschule.de\/wpkgss\/wp-content\/uploads\/2022\/06\/IMG_0759-225x300.jpg 225w, http:\/\/www.sebastianusschule.de\/wpkgss\/wp-content\/uploads\/2022\/06\/IMG_0759-1152x1536.jpg 1152w, http:\/\/www.sebastianusschule.de\/wpkgss\/wp-content\/uploads\/2022\/06\/IMG_0759-1536x2048.jpg 1536w, http:\/\/www.sebastianusschule.de\/wpkgss\/wp-content\/uploads\/2022\/06\/IMG_0759-scaled.jpg 1920w\" sizes=\"(max-width: 768px) 100vw, 768px\" \/>\t\t\t\t\t\t\t\t\t\t\t\t\t\t\t<\/div>\n\t\t\t\t<\/div>\n\t\t\t\t\t<\/div>\n\t\t<\/div>\n\t\t\t\t\t\t\t<\/div>\n\t\t<\/section>\n\t\t\t\t\t\t\t<\/div>\n\t\t","protected":false},"excerpt":{"rendered":"<p>Sch\u00f6ne erholsame Sommerferien Liebe Kinder und Eltern der Sebastianusschule, das n\u00e4chste au\u00dfergew\u00f6hnliche Schuljahr geht heute zu Ende, dass uns und Sie alle wieder vor gro\u00dfe Herausforderungen gestellt hat. Wir m\u00f6chten Ihnen gerne danken f\u00fcr das gemeinsame Bew\u00e4ltigen der schulischen Herausforderungen dieser Zeit in einem guten Miteinander, in Verst\u00e4ndnis und R\u00fccksichtnahme, in Spontanit\u00e4t und Geduld. Ohne [&hellip;]<\/p>\n","protected":false},"author":6,"featured_media":0,"comment_status":"closed","ping_status":"closed","sticky":false,"template":"","format":"standard","meta":{"footnotes":""},"categories":[1],"tags":[],"_links":{"self":[{"href":"http:\/\/www.sebastianusschule.de\/wpkgss\/wp-json\/wp\/v2\/posts\/2697"}],"collection":[{"href":"http:\/\/www.sebastianusschule.de\/wpkgss\/wp-json\/wp\/v2\/posts"}],"about":[{"href":"http:\/\/www.sebastianusschule.de\/wpkgss\/wp-json\/wp\/v2\/types\/post"}],"author":[{"embeddable":true,"href":"http:\/\/www.sebastianusschule.de\/wpkgss\/wp-json\/wp\/v2\/users\/6"}],"replies":[{"embeddable":true,"href":"http:\/\/www.sebastianusschule.de\/wpkgss\/wp-json\/wp\/v2\/comments?post=2697"}],"version-history":[{"count":4,"href":"http:\/\/www.sebastianusschule.de\/wpkgss\/wp-json\/wp\/v2\/posts\/2697\/revisions"}],"predecessor-version":[{"id":2701,"href":"http:\/\/www.sebastianusschule.de\/wpkgss\/wp-json\/wp\/v2\/posts\/2697\/revisions\/2701"}],"wp:attachment":[{"href":"http:\/\/www.sebastianusschule.de\/wpkgss\/wp-json\/wp\/v2\/media?parent=2697"}],"wp:term":[{"taxonomy":"category","embeddable":true,"href":"http:\/\/www.sebastianusschule.de\/wpkgss\/wp-json\/wp\/v2\/categories?post=2697"},{"taxonomy":"post_tag","embeddable":true,"href":"http:\/\/www.sebastianusschule.de\/wpkgss\/wp-json\/wp\/v2\/tags?post=2697"}],"curies":[{"name":"wp","href":"https:\/\/api.w.org\/{rel}","templated":true}]}}